{"id":32565,"date":"2025-04-30T07:00:50","date_gmt":"2025-04-30T10:00:50","guid":{"rendered":"https:\/\/www.yungayino.cl\/noticias\/?p=32565"},"modified":"2025-04-22T21:18:03","modified_gmt":"2025-04-23T00:18:03","slug":"fiesta-de-la-avellana-se-realizara-en-sector-santa-lucia-alto-en-yungay","status":"publish","type":"post","link":"https:\/\/www.yungayino.cl\/noticias\/?p=32565","title":{"rendered":"Fiesta de la Avellana se Realizar\u00e1 en Sector Santa Luc\u00eda Alto en Yungay"},"content":{"rendered":"<p><img loading=\"lazy\" decoding=\"async\" class=\"alignnone wp-image-32567 size-full\" src=\"https:\/\/www.yungayino.cl\/noticias\/wp-content\/uploads\/2025\/04\/fiesta-avellana.jpg\" alt=\"\" width=\"700\" height=\"875\" srcset=\"https:\/\/www.yungayino.cl\/noticias\/wp-content\/uploads\/2025\/04\/fiesta-avellana.jpg 700w, https:\/\/www.yungayino.cl\/noticias\/wp-content\/uploads\/2025\/04\/fiesta-avellana-240x300.jpg 240w\" sizes=\"auto, (max-width: 700px) 100vw, 700px\" \/><\/p>\n<p style=\"text-align: justify;\">Yungay, abril 2025: El domingo 4 de mayo se realizar\u00e1 la Fiesta de la Avellana.<\/p>\n<p style=\"text-align: justify;\">Todos invitados a disfrutar de una jornada llena de sabor, tradici\u00f3n y m\u00fasica en Santa Luc\u00eda Alto, desde las 10:00 horas.<\/p>\n<p style=\"text-align: justify;\">La Junta de Vecinos de Santa Luc\u00eda Alto tiene preparado gastronom\u00eda t\u00edpica, productos locales y emprendedores del sector, adem\u00e1s de m\u00fasica en vivo para animar la fiesta.<\/p>\n<p style=\"text-align: justify;\">No te pierdas las fabulosas preparaciones a partir de la avellana.<\/p>\n<p style=\"text-align: justify;\">Asista con su familia y amigos a compartir lo mejor del campo, sus sabores y su gente.<\/p>\n","protected":false},"excerpt":{"rendered":"<p>Yungay, abril 2025: El domingo 4 de mayo se realizar\u00e1 la Fiesta de la Avellana. Todos invitados a disfrutar de una jornada llena de sabor, tradici\u00f3n y m\u00fasica en Santa Luc\u00eda Alto, desde las&#46;&#46;&#46;<\/p>\n","protected":false},"author":2,"featured_media":32566,"comment_status":"closed","ping_status":"closed","sticky":false,"template":"","format":"standard","meta":{"footnotes":""},"categories":[5,1],"tags":[3332,1115,3333,8,6,117],"class_list":["post-32565","post","type-post","status-publish","format-standard","has-post-thumbnail","hentry","category-eventos","category-noticias","tag-fiesta-de-la-avellana","tag-noticias","tag-santa-lucia-alto","tag-yungay","tag-yungayino","tag-yungayinocl"],"_links":{"self":[{"href":"https:\/\/www.yungayino.cl\/noticias\/index.php?rest_route=\/wp\/v2\/posts\/32565","targetHints":{"allow":["GET"]}}],"collection":[{"href":"https:\/\/www.yungayino.cl\/noticias\/index.php?rest_route=\/wp\/v2\/posts"}],"about":[{"href":"https:\/\/www.yungayino.cl\/noticias\/index.php?rest_route=\/wp\/v2\/types\/post"}],"author":[{"embeddable":true,"href":"https:\/\/www.yungayino.cl\/noticias\/index.php?rest_route=\/wp\/v2\/users\/2"}],"replies":[{"embeddable":true,"href":"https:\/\/www.yungayino.cl\/noticias\/index.php?rest_route=%2Fwp%2Fv2%2Fcomments&post=32565"}],"version-history":[{"count":1,"href":"https:\/\/www.yungayino.cl\/noticias\/index.php?rest_route=\/wp\/v2\/posts\/32565\/revisions"}],"predecessor-version":[{"id":32568,"href":"https:\/\/www.yungayino.cl\/noticias\/index.php?rest_route=\/wp\/v2\/posts\/32565\/revisions\/32568"}],"wp:featuredmedia":[{"embeddable":true,"href":"https:\/\/www.yungayino.cl\/noticias\/index.php?rest_route=\/wp\/v2\/media\/32566"}],"wp:attachment":[{"href":"https:\/\/www.yungayino.cl\/noticias\/index.php?rest_route=%2Fwp%2Fv2%2Fmedia&parent=32565"}],"wp:term":[{"taxonomy":"category","embeddable":true,"href":"https:\/\/www.yungayino.cl\/noticias\/index.php?rest_route=%2Fwp%2Fv2%2Fcategories&post=32565"},{"taxonomy":"post_tag","embeddable":true,"href":"https:\/\/www.yungayino.cl\/noticias\/index.php?rest_route=%2Fwp%2Fv2%2Ftags&post=32565"}],"curies":[{"name":"wp","href":"https:\/\/api.w.org\/{rel}","templated":true}]}}