{"id":32573,"date":"2025-05-03T19:00:00","date_gmt":"2025-05-03T22:00:00","guid":{"rendered":"https:\/\/www.yungayino.cl\/noticias\/?p=32573"},"modified":"2025-05-04T19:20:12","modified_gmt":"2025-05-04T22:20:12","slug":"el-90-de-los-hospitalizados-en-nuble-por-causas-respiratorias-no-se-encuentran-vacunados-contra-la-influenza","status":"publish","type":"post","link":"https:\/\/www.yungayino.cl\/noticias\/?p=32573","title":{"rendered":"El 90% de los hospitalizados en \u00d1uble por causas respiratorias no se encuentran vacunados contra la Influenza"},"content":{"rendered":"<p><img loading=\"lazy\" decoding=\"async\" class=\"alignnone wp-image-32574 size-full\" src=\"https:\/\/www.yungayino.cl\/noticias\/wp-content\/uploads\/2025\/05\/Vacunacion.jpg\" alt=\"\" width=\"700\" height=\"350\" srcset=\"https:\/\/www.yungayino.cl\/noticias\/wp-content\/uploads\/2025\/05\/Vacunacion.jpg 700w, https:\/\/www.yungayino.cl\/noticias\/wp-content\/uploads\/2025\/05\/Vacunacion-300x150.jpg 300w\" sizes=\"auto, (max-width: 700px) 100vw, 700px\" \/><\/p>\n<p style=\"text-align: justify;\">\u00d1uble, mayo 2025: En el marco de la Semana de la Vacunaci\u00f3n en las Am\u00e9ricas, con el lema \u201cTu decisi\u00f3n marca la diferencia\u201d, desde el Servicio de Salud \u00d1uble (SS\u00d1) reforzaron el llamado a proteger la salud a tiempo, entendiendo que se prev\u00e9 el peak de circulaci\u00f3n viral para la segunda semana de mayo.<\/p>\n<p style=\"text-align: justify;\">Seg\u00fan las proyecciones, y tal como ha sucedido en a\u00f1os anteriores, en dos semanas m\u00e1s se registrar\u00eda un incremento de la circulaci\u00f3n viral, lo que resalta la importancia de la vacunaci\u00f3n. Esta no solo protege contra enfermedades graves, sino que tambi\u00e9n previene hospitalizaciones y salva vidas.<\/p>\n<p style=\"text-align: justify;\">Los datos actuales entregan una se\u00f1al de alerta: el 90% de las personas hospitalizadas por causas respiratorias en la Red Asistencial no est\u00e1n inmunizadas contra la influenza, y de ese total, el 78% corresponde a grupos de riesgo, correspondiendo a segmentos de la poblaci\u00f3n que pueden desarrollar cuadros graves, incluso fatales, si enferman.<\/p>\n<p style=\"text-align: justify;\">En esa l\u00ednea, la Directora del SS\u00d1, Elizabeth Abarca Trivi\u00f1o, subray\u00f3 que a\u00fan estamos a tiempo de protegernos. \u201cVacunarse es un acto de responsabilidad con uno mismo, pero tambi\u00e9n con quienes nos rodean. Estamos frente a un escenario de alta circulaci\u00f3n viral, y la inmunizaci\u00f3n es un proceso gratuito, seguro y efectivo. Es momento de actuar, pero debemos hacerlo ahora, porque la vacuna tarda aproximadamente dos semanas en entregar su m\u00e1xima protecci\u00f3n. No esperemos enfermarnos para valorar su importancia\u201d, recalc\u00f3.<\/p>\n<p style=\"text-align: justify;\">\u201cQueremos que la poblaci\u00f3n se cuide, y como hemos resaltado en otras ocasiones, la inoculaci\u00f3n cumple un rol fundamental. La invitaci\u00f3n es a que revisen los puntos de vacunaci\u00f3n y se acerquen al m\u00e1s cercano, para as\u00ed proteger oportunamente su salud. Actualmente, la cobertura de inmunizaci\u00f3n con Nirsevimab alcanza el 77,78% y contra la Influenza llega al 59,34%\u201d, precis\u00f3 la directiva.<\/p>\n<p style=\"text-align: justify;\">Por su parte, el Subdirector de Gesti\u00f3n Asistencial del SS\u00d1, Dr. Max Besser Valenzuela, fue enf\u00e1tico al describir las consecuencias que puede tener una hospitalizaci\u00f3n por causas respiratorias, especialmente en personas no vacunadas: \u201cSer hospitalizado por una infecci\u00f3n respiratoria, como la Influenza, no solo implica un riesgo vital. Para muchas personas, especialmente las mayores o con enfermedades cr\u00f3nicas, significa un antes y un despu\u00e9s en su calidad de vida. Hay pacientes que no logran recuperarse del todo y pueden quedar con secuelas pulmonares, p\u00e9rdida de movilidad, debilidad general, y en algunos casos, incluso deterioro cognitivo. Esto se traduce en p\u00e9rdida de autonom\u00eda, mayor dependencia, y una carga emocional y econ\u00f3mica para las familias. En casos graves, la hospitalizaci\u00f3n puede requerir ventilaci\u00f3n mec\u00e1nica, lo que conlleva riesgos adicionales, estancias prolongadas en UCI y un proceso de rehabilitaci\u00f3n largo y dif\u00edcil\u201d.<\/p>\n<p style=\"text-align: justify;\">Asimismo, el especialista a\u00f1adi\u00f3: \u201cEs importante entender que muchas de estas situaciones se pueden evitar. Contamos con vacunas eficaces, con amplia evidencia cient\u00edfica, que pueden marcar la diferencia entre una recuperaci\u00f3n en casa o una hospitalizaci\u00f3n compleja. No podemos normalizar ver camas llenas de personas con cuadros respiratorios graves, cuando tenemos herramientas para prevenirlo\u201d.<\/p>\n<p style=\"text-align: justify;\">\n","protected":false},"excerpt":{"rendered":"<p>\u00d1uble, mayo 2025: En el marco de la Semana de la Vacunaci\u00f3n en las Am\u00e9ricas, con el lema \u201cTu decisi\u00f3n marca la diferencia\u201d, desde el Servicio de Salud \u00d1uble (SS\u00d1) reforzaron el llamado a&#46;&#46;&#46;<\/p>\n","protected":false},"author":2,"featured_media":32574,"comment_status":"closed","ping_status":"closed","sticky":false,"template":"","format":"standard","meta":{"footnotes":""},"categories":[1,1675,1676],"tags":[341,1115,1678,65,8,6,117],"class_list":["post-32573","post","type-post","status-publish","format-standard","has-post-thumbnail","hentry","category-noticias","category-saludc","category-salud","tag-influenza","tag-noticias","tag-nuble","tag-salud","tag-yungay","tag-yungayino","tag-yungayinocl"],"_links":{"self":[{"href":"https:\/\/www.yungayino.cl\/noticias\/index.php?rest_route=\/wp\/v2\/posts\/32573","targetHints":{"allow":["GET"]}}],"collection":[{"href":"https:\/\/www.yungayino.cl\/noticias\/index.php?rest_route=\/wp\/v2\/posts"}],"about":[{"href":"https:\/\/www.yungayino.cl\/noticias\/index.php?rest_route=\/wp\/v2\/types\/post"}],"author":[{"embeddable":true,"href":"https:\/\/www.yungayino.cl\/noticias\/index.php?rest_route=\/wp\/v2\/users\/2"}],"replies":[{"embeddable":true,"href":"https:\/\/www.yungayino.cl\/noticias\/index.php?rest_route=%2Fwp%2Fv2%2Fcomments&post=32573"}],"version-history":[{"count":1,"href":"https:\/\/www.yungayino.cl\/noticias\/index.php?rest_route=\/wp\/v2\/posts\/32573\/revisions"}],"predecessor-version":[{"id":32575,"href":"https:\/\/www.yungayino.cl\/noticias\/index.php?rest_route=\/wp\/v2\/posts\/32573\/revisions\/32575"}],"wp:featuredmedia":[{"embeddable":true,"href":"https:\/\/www.yungayino.cl\/noticias\/index.php?rest_route=\/wp\/v2\/media\/32574"}],"wp:attachment":[{"href":"https:\/\/www.yungayino.cl\/noticias\/index.php?rest_route=%2Fwp%2Fv2%2Fmedia&parent=32573"}],"wp:term":[{"taxonomy":"category","embeddable":true,"href":"https:\/\/www.yungayino.cl\/noticias\/index.php?rest_route=%2Fwp%2Fv2%2Fcategories&post=32573"},{"taxonomy":"post_tag","embeddable":true,"href":"https:\/\/www.yungayino.cl\/noticias\/index.php?rest_route=%2Fwp%2Fv2%2Ftags&post=32573"}],"curies":[{"name":"wp","href":"https:\/\/api.w.org\/{rel}","templated":true}]}}