{"id":32580,"date":"2025-05-06T13:00:17","date_gmt":"2025-05-06T16:00:17","guid":{"rendered":"https:\/\/www.yungayino.cl\/noticias\/?p=32580"},"modified":"2025-05-10T13:44:56","modified_gmt":"2025-05-10T16:44:56","slug":"dia-mundial-del-asma-llamado-a-la-prevencion-y-la-vacunacion-como-estrategia-clave-para-el-control-de-enfermedades-respiratorias","status":"publish","type":"post","link":"https:\/\/www.yungayino.cl\/noticias\/?p=32580","title":{"rendered":"D\u00eda Mundial del Asma: Llamado a la prevenci\u00f3n y la vacunaci\u00f3n como estrategia clave para el control de enfermedades respiratorias"},"content":{"rendered":"<p><img loading=\"lazy\" decoding=\"async\" class=\"alignnone wp-image-32581 size-full\" src=\"https:\/\/www.yungayino.cl\/noticias\/wp-content\/uploads\/2025\/05\/Enfermedades-Respiratorias.jpg\" alt=\"\" width=\"700\" height=\"350\" srcset=\"https:\/\/www.yungayino.cl\/noticias\/wp-content\/uploads\/2025\/05\/Enfermedades-Respiratorias.jpg 700w, https:\/\/www.yungayino.cl\/noticias\/wp-content\/uploads\/2025\/05\/Enfermedades-Respiratorias-300x150.jpg 300w\" sizes=\"auto, (max-width: 700px) 100vw, 700px\" \/><\/p>\n<p style=\"text-align: justify;\">Nacional, mayo 2025: Con la llegada del invierno y las bajas temperaturas, aumentan las complicaciones de salud derivadas de enfermedades respiratorias cr\u00f3nicas como el asma, muchas de las cuales pueden prevenirse mediante h\u00e1bitos de autocuidado.<\/p>\n<p style=\"text-align: justify;\">En el marco del D\u00eda Mundial del Asma, el Servicio de Salud \u00d1uble (SS\u00d1) enfatiz\u00f3 la importancia de avanzar en la educaci\u00f3n, prevenci\u00f3n y manejo oportuno de esta enfermedad respiratoria cr\u00f3nica, cuya prevalencia ha ido en aumento en las \u00faltimas d\u00e9cadas, especialmente en ni\u00f1os, ni\u00f1as y personas adultas\u00a0mayores.<\/p>\n<p style=\"text-align: justify;\">Un d\u00eda en el cual se destac\u00f3 que, un control adecuado de esta patolog\u00eda permite a quienes la tienen llevar una vida activa, prevenir crisis y evitar complicaciones graves. Sin embargo, los meses de oto\u00f1o e invierno representan un riesgo mayor, dado el aumento en la circulaci\u00f3n de virus respiratorios como Influenza, COVID-19 y Virus Respiratorio Sincicial (VRS), y la contaminaci\u00f3n, que pueden agravar los s\u00edntomas asm\u00e1ticos.<\/p>\n<p style=\"text-align: justify;\">En ese contexto, la Directora del SS\u00d1, Elizabeth Abarca Trivi\u00f1o, recalc\u00f3: \u201cComo instituci\u00f3n, tenemos el deber de generar conciencia sobre el asma, promoviendo su diagn\u00f3stico precoz y el cumplimiento del tratamiento, especialmente en atenci\u00f3n primaria. Hoy, adem\u00e1s, queremos reforzar el mensaje de que la vacunaci\u00f3n es una herramienta clave para las personas con enfermedades respiratorias cr\u00f3nicas. Al protegerse contra la Influenza, el COVID-19 y el VRS, se disminuye de forma significativa el riesgo de descompensaciones y hospitalizaciones durante el invierno\u201d.<\/p>\n<p style=\"text-align: justify;\">Aunque el asma no tiene cura, puede controlarse eficazmente mediante tratamientos m\u00e9dicos, el seguimiento regular por profesionales de salud y evitando factores que desencadenen sus s\u00edntomas, como el humo del tabaco, la contaminaci\u00f3n ambiental, el polvo, el fr\u00edo, el estr\u00e9s o las infecciones respiratorias.<\/p>\n<p style=\"text-align: justify;\">En el \u00e1mbito de la prevenci\u00f3n, es clave el trabajo intersectorial y la labor que se realiza en la academia y con los equipos de la red. Por ello, y en el marco de la Jornada de Manejo de Consultas Respiratorias Pedi\u00e1tricas en APS, como parte de la Campa\u00f1a Invierno 2025, el broncopulmonar y Director de la Escuela de Medicina de la Universidad del B\u00edo B\u00edo, Dr. El\u00edas Kassisse, subray\u00f3: \u201cLas infecciones virales son los principales desencadenantes en pacientes con asma, por lo que es fundamental el uso permanente del inhalador para prevenir exacerbaciones. Adem\u00e1s, es importante comprender que al inmunizar a un paciente, se generan anticuerpos que act\u00faan como protectores. Esto no necesariamente previene la enfermedad, pero s\u00ed reduce significativamente los riesgos. Estas vacunas no solo son eficaces, sino tambi\u00e9n seguras, y los efectos adversos son m\u00ednimos frente a los riesgos de no vacunarse\u201d.<\/p>\n<p style=\"text-align: justify;\">El especialista hizo un llamado a la comunidad a no minimizar s\u00edntomas como tos persistente, silbidos al respirar, opresi\u00f3n en el pecho o dificultad para respirar, ya que podr\u00edan ser se\u00f1ales de asma que requieren evaluaci\u00f3n m\u00e9dica.<\/p>\n<p style=\"text-align: justify;\">Durante este invierno, la campa\u00f1a de vacunaci\u00f3n se ha fortalecido con operativos m\u00f3viles y estrategias territoriales para facilitar el acceso de la comunidad a estas importantes herramientas de protecci\u00f3n. Por ello, en el D\u00eda Mundial del Asma, el llamado es a informarse, prevenir y protegerse, especialmente durante los meses m\u00e1s fr\u00edos del a\u00f1o.<\/p>\n","protected":false},"excerpt":{"rendered":"<p>Nacional, mayo 2025: Con la llegada del invierno y las bajas temperaturas, aumentan las complicaciones de salud derivadas de enfermedades respiratorias cr\u00f3nicas como el asma, muchas de las cuales pueden prevenirse mediante h\u00e1bitos de&#46;&#46;&#46;<\/p>\n","protected":false},"author":2,"featured_media":0,"comment_status":"closed","ping_status":"closed","sticky":false,"template":"","format":"standard","meta":{"footnotes":""},"categories":[1,1675,1676],"tags":[3334,1115,1678,65,8,6,117],"class_list":["post-32580","post","type-post","status-publish","format-standard","hentry","category-noticias","category-saludc","category-salud","tag-dia-asma","tag-noticias","tag-nuble","tag-salud","tag-yungay","tag-yungayino","tag-yungayinocl"],"_links":{"self":[{"href":"https:\/\/www.yungayino.cl\/noticias\/index.php?rest_route=\/wp\/v2\/posts\/32580","targetHints":{"allow":["GET"]}}],"collection":[{"href":"https:\/\/www.yungayino.cl\/noticias\/index.php?rest_route=\/wp\/v2\/posts"}],"about":[{"href":"https:\/\/www.yungayino.cl\/noticias\/index.php?rest_route=\/wp\/v2\/types\/post"}],"author":[{"embeddable":true,"href":"https:\/\/www.yungayino.cl\/noticias\/index.php?rest_route=\/wp\/v2\/users\/2"}],"replies":[{"embeddable":true,"href":"https:\/\/www.yungayino.cl\/noticias\/index.php?rest_route=%2Fwp%2Fv2%2Fcomments&post=32580"}],"version-history":[{"count":1,"href":"https:\/\/www.yungayino.cl\/noticias\/index.php?rest_route=\/wp\/v2\/posts\/32580\/revisions"}],"predecessor-version":[{"id":32582,"href":"https:\/\/www.yungayino.cl\/noticias\/index.php?rest_route=\/wp\/v2\/posts\/32580\/revisions\/32582"}],"wp:attachment":[{"href":"https:\/\/www.yungayino.cl\/noticias\/index.php?rest_route=%2Fwp%2Fv2%2Fmedia&parent=32580"}],"wp:term":[{"taxonomy":"category","embeddable":true,"href":"https:\/\/www.yungayino.cl\/noticias\/index.php?rest_route=%2Fwp%2Fv2%2Fcategories&post=32580"},{"taxonomy":"post_tag","embeddable":true,"href":"https:\/\/www.yungayino.cl\/noticias\/index.php?rest_route=%2Fwp%2Fv2%2Ftags&post=32580"}],"curies":[{"name":"wp","href":"https:\/\/api.w.org\/{rel}","templated":true}]}}