{"id":32593,"date":"2025-05-15T07:00:11","date_gmt":"2025-05-15T10:00:11","guid":{"rendered":"https:\/\/www.yungayino.cl\/noticias\/?p=32593"},"modified":"2025-05-10T13:57:29","modified_gmt":"2025-05-10T16:57:29","slug":"minvu-abre-postulaciones-al-subsidio-ds1-primer-llamado-2025-estara-disponible-entre-el-19-y-el-30-de-mayo","status":"publish","type":"post","link":"https:\/\/www.yungayino.cl\/noticias\/?p=32593","title":{"rendered":"Minvu abre postulaciones al Subsidio DS1: Primer llamado 2025 estar\u00e1 disponible entre el 19 y el 30 de mayo"},"content":{"rendered":"<p><img loading=\"lazy\" decoding=\"async\" class=\"alignnone wp-image-32594 size-full\" src=\"https:\/\/www.yungayino.cl\/noticias\/wp-content\/uploads\/2025\/05\/DS1-2-1.jpg\" alt=\"\" width=\"700\" height=\"350\" srcset=\"https:\/\/www.yungayino.cl\/noticias\/wp-content\/uploads\/2025\/05\/DS1-2-1.jpg 700w, https:\/\/www.yungayino.cl\/noticias\/wp-content\/uploads\/2025\/05\/DS1-2-1-300x150.jpg 300w\" sizes=\"auto, (max-width: 700px) 100vw, 700px\" \/><\/p>\n<p style=\"text-align: justify;\">Nacional, mayo 2025: El Ministerio de Vivienda y Urbanismo anunci\u00f3 la apertura del primer llamado del Programa de Sectores Medios (DS1), el cual estar\u00e1 abierto entre el 19 y el 30 de mayo y podr\u00e1 ser tramitado de forma 100% online, a trav\u00e9s del sitio web oficial del Minvu. Esta modalidad busca facilitar el acceso y agilizar el proceso para miles de familias a lo largo del pa\u00eds.<\/p>\n<p style=\"text-align: justify;\">As\u00ed lo informaron en la regi\u00f3n la seremi de Gobierno, Valentina Pradenas, y el seremi de Vivienda y Urbanismo, Antonio Marchant, quienes destacaron tanto el componente social como t\u00e9cnico de este beneficio habitacional, orientado a familias de sectores medios y medios bajos que no son propietarias de una vivienda y que cuentan con capacidad de ahorro. El subsidio DS1 permite adquirir una vivienda nueva o usada, o bien construir en sitio propio, dependiendo del tramo al que pertenezcan los postulantes.<\/p>\n<p style=\"text-align: justify;\">Valentina Pradenas, subray\u00f3 que esta pol\u00edtica p\u00fablica responde al compromiso del Gobierno del Presidente Gabriel Boric, con la ampliaci\u00f3n del acceso a una vivienda digna. \u201cComo Gobierno estamos comprometidos con ampliar el acceso a la vivienda digna. Este subsidio es una herramienta concreta que permite a muchas familias avanzar hacia ese objetivo, con un proceso m\u00e1s simple, inclusivo y digitalizado\u00bb, se\u00f1al\u00f3 la vocera regional, destacando que la simplificaci\u00f3n de tr\u00e1mites busca evitar barreras de acceso y entregar certezas a las familias postulantes.<\/p>\n<p style=\"text-align: justify;\">Por su parte, Antonio Marchant plante\u00f3 que \u201cla clase media est\u00e1 sobre el rango de vulnerabilidad para optar a la mayor\u00eda de los beneficios del Estado, pero bajo el nivel econ\u00f3mico para adquirir una casa por s\u00ed solos, est\u00e1n quedando un poco descuidados, pero con este subsidio ya hemos beneficiado a 1.022 familias con un hogar propio, adem\u00e1s en este llamado hay condiciones especiales para facilitar la postulaci\u00f3n, por ejemplo, se elimin\u00f3 la exigencia de contar con una pre aprobaci\u00f3n de cr\u00e9dito hipotecario y se ampli\u00f3 la vigencia de los documentos de acreditaci\u00f3n del terreno en la modalidad de construcci\u00f3n en sitio propio, mientras que quienes postularon anteriormente no deber\u00e1n presentar una nueva documentaci\u00f3n, as\u00ed agilizamos la soluci\u00f3n de las familias de clase media\u201d.<\/p>\n<p style=\"text-align: justify;\">El proceso contempla tres v\u00edas de postulaci\u00f3n: autom\u00e1tica, en l\u00ednea y mediante formulario de atenci\u00f3n ciudadana. La primera est\u00e1 dirigida a personas no seleccionadas en el primer llamado nacional de 2024, quienes deber\u00e1n aprobar o rechazar su propuesta de postulaci\u00f3n. La segunda modalidad est\u00e1 disponible para nuevos postulantes o para quienes no aceptaron la propuesta autom\u00e1tica, y no requieran acreditar situaciones especiales. Finalmente, la tercera opci\u00f3n est\u00e1 destinada a quienes no pueden ser atendidos mediante las v\u00edas anteriores y deben presentar su postulaci\u00f3n a trav\u00e9s del formulario correspondiente.<\/p>\n<p style=\"text-align: justify;\">Para todas las modalidades de postulaci\u00f3n se exige que el o la postulante, as\u00ed como todas las personas mayores de 18 a\u00f1os que integren el grupo familiar declarado, cuente con Clave \u00danica otorgada por el Registro Civil. Entre los requisitos generales se encuentra tener m\u00ednimo 18 a\u00f1os, contar con c\u00e9dula de identidad vigente \u2014en el caso de personas extranjeras, con residencia definitiva\u2014, estar inscrito en el Registro Social de Hogares (RSH) y no superar el porcentaje de calificaci\u00f3n socioecon\u00f3mica exigido por el tramo correspondiente, el cual va entre el 60% y el 90%.<\/p>\n<p style=\"text-align: justify;\">Tambi\u00e9n se exige acreditar una cuenta de ahorro para la vivienda con al menos 12 meses de antig\u00fcedad, abierta hasta el 30 de abril de 2024, y contar con el monto de ahorro m\u00ednimo requerido depositado en dicha cuenta al \u00faltimo d\u00eda h\u00e1bil del mes anterior a la postulaci\u00f3n, es decir, al 30 de abril de 2025.<\/p>\n<p style=\"text-align: justify;\">Toda la informaci\u00f3n detallada sobre tramos, requisitos y modalidades de postulaci\u00f3n est\u00e1 disponible en el sitio web oficial del Ministerio de Vivienda y Urbanismo <strong><a href=\"https:\/\/www.minvu.gob.cl\/\">https:\/\/www.minvu.gob.cl\/<\/a><\/strong>.<\/p>\n","protected":false},"excerpt":{"rendered":"<p>Nacional, mayo 2025: El Ministerio de Vivienda y Urbanismo anunci\u00f3 la apertura del primer llamado del Programa de Sectores Medios (DS1), el cual estar\u00e1 abierto entre el 19 y el 30 de mayo y&#46;&#46;&#46;<\/p>\n","protected":false},"author":2,"featured_media":32594,"comment_status":"closed","ping_status":"closed","sticky":false,"template":"","format":"standard","meta":{"footnotes":""},"categories":[1],"tags":[3336,1115,678,1922,8,6,117],"class_list":["post-32593","post","type-post","status-publish","format-standard","has-post-thumbnail","hentry","category-noticias","tag-ministerio-vivienda-y-urbanismo","tag-noticias","tag-subsidio","tag-vivienda","tag-yungay","tag-yungayino","tag-yungayinocl"],"_links":{"self":[{"href":"https:\/\/www.yungayino.cl\/noticias\/index.php?rest_route=\/wp\/v2\/posts\/32593","targetHints":{"allow":["GET"]}}],"collection":[{"href":"https:\/\/www.yungayino.cl\/noticias\/index.php?rest_route=\/wp\/v2\/posts"}],"about":[{"href":"https:\/\/www.yungayino.cl\/noticias\/index.php?rest_route=\/wp\/v2\/types\/post"}],"author":[{"embeddable":true,"href":"https:\/\/www.yungayino.cl\/noticias\/index.php?rest_route=\/wp\/v2\/users\/2"}],"replies":[{"embeddable":true,"href":"https:\/\/www.yungayino.cl\/noticias\/index.php?rest_route=%2Fwp%2Fv2%2Fcomments&post=32593"}],"version-history":[{"count":1,"href":"https:\/\/www.yungayino.cl\/noticias\/index.php?rest_route=\/wp\/v2\/posts\/32593\/revisions"}],"predecessor-version":[{"id":32595,"href":"https:\/\/www.yungayino.cl\/noticias\/index.php?rest_route=\/wp\/v2\/posts\/32593\/revisions\/32595"}],"wp:featuredmedia":[{"embeddable":true,"href":"https:\/\/www.yungayino.cl\/noticias\/index.php?rest_route=\/wp\/v2\/media\/32594"}],"wp:attachment":[{"href":"https:\/\/www.yungayino.cl\/noticias\/index.php?rest_route=%2Fwp%2Fv2%2Fmedia&parent=32593"}],"wp:term":[{"taxonomy":"category","embeddable":true,"href":"https:\/\/www.yungayino.cl\/noticias\/index.php?rest_route=%2Fwp%2Fv2%2Fcategories&post=32593"},{"taxonomy":"post_tag","embeddable":true,"href":"https:\/\/www.yungayino.cl\/noticias\/index.php?rest_route=%2Fwp%2Fv2%2Ftags&post=32593"}],"curies":[{"name":"wp","href":"https:\/\/api.w.org\/{rel}","templated":true}]}}