{"id":32612,"date":"2025-05-17T07:00:42","date_gmt":"2025-05-17T10:00:42","guid":{"rendered":"https:\/\/www.yungayino.cl\/noticias\/?p=32612"},"modified":"2025-05-16T20:30:38","modified_gmt":"2025-05-16T23:30:38","slug":"dia-mundial-del-reciclaje-seremi-del-medio-ambiente-de-nuble-destaca-avances-regionales","status":"publish","type":"post","link":"https:\/\/www.yungayino.cl\/noticias\/?p=32612","title":{"rendered":"D\u00eda Mundial del Reciclaje: Seremi del Medio Ambiente de \u00d1uble destaca avances regionales"},"content":{"rendered":"<p style=\"text-align: justify;\">\u00d1uble, mayo 2025: El D\u00eda Mundial del Reciclaje, que se celebra cada 17 de mayo y es promovido por la UNESCO, tiene como objetivo generar conciencia sobre la importancia de una gesti\u00f3n responsable de los residuos. Esta conmemoraci\u00f3n busca promover pr\u00e1cticas como la reducci\u00f3n, reutilizaci\u00f3n y reciclaje, fundamentales para proteger el medio ambiente, reducir la contaminaci\u00f3n, preservar los recursos naturales y mitigar el cambio clim\u00e1tico.<\/p>\n<p style=\"text-align: justify;\">En este contexto, la Seremi del Medio Ambiente de \u00d1uble resalt\u00f3 los importantes avances alcanzados en la regi\u00f3n en materia de reciclaje y econom\u00eda circular, tales como iniciativas locales que reflejan el compromiso regional con una gesti\u00f3n sustentable de los residuos y con la construcci\u00f3n de una ciudadan\u00eda m\u00e1s activa y comprometida con el cuidado del entorno.<\/p>\n<p style=\"text-align: justify;\">\u201cEn el D\u00eda del Reciclaje, destacamos el compromiso de \u00d1uble con una gesti\u00f3n ambiental responsable y sostenible. Desde el Ministerio del Medio Ambiente, reafirmamos nuestra prioridad para seguir impulsando una cultura ambiental a trav\u00e9s de la innovaci\u00f3n y colaboraci\u00f3n. Seguiremos trabajando junto al sector productivo, universidades, los municipios y la comunidad para construir territorios m\u00e1s limpios y sustentables, avanzando en conjunto para fortalecer un \u00d1uble Circular\u201d, se\u00f1al\u00f3 Mario Rivas Pe\u00f1a, Seremi del Medio Ambiente de \u00d1uble.<\/p>\n<p style=\"text-align: justify;\">Uno de los hitos ocurri\u00f3 el pasado 16 de abril de 2025, donde la Municipalidad de San Ignacio se convirti\u00f3 en el primer municipio de \u00d1uble en firmar un convenio con el Sistema de Gesti\u00f3n de Neum\u00e1ticos NEUVOL, en el marco de la Ley REP. Este acuerdo busca impulsar la recolecci\u00f3n y valorizaci\u00f3n de Neum\u00e1ticos Fuera de Uso (NFU), fortalecer la educaci\u00f3n ambiental y fomentar la participaci\u00f3n ciudadana, con una primera entrega de 2.640 kg de NFU a la planta RECBIO en Cabrero. La iniciativa promueve la separaci\u00f3n en origen, recolecci\u00f3n selectiva y puntos de recepci\u00f3n de neum\u00e1ticos, junto a campa\u00f1as de sensibilizaci\u00f3n.<\/p>\n<p style=\"text-align: justify;\">Por otra parte, el Fondo para el Reciclaje Fondo para el Reciclaje (FPR) -del Ministerio del Medio Ambiente\u2013 contin\u00faa apoyando la implementaci\u00f3n de la Ley REP. En su 11\u00aa convocatoria, cuyos resultados fueron publicados el 16 de abril de 2025, fueron seleccionadas 23 iniciativas a nivel nacional, entre ellas el proyecto \u201cPortezuelo Org\u00e1nico\u201d de la Municipalidad de Portezuelo, en \u00d1uble, con una adjudicaci\u00f3n de $14.000.000.<\/p>\n<p style=\"text-align: justify;\">Este proyecto tiene como objetivo fomentar el reciclaje de residuos org\u00e1nicos domiciliarios mediante educaci\u00f3n ambiental y valorizaci\u00f3n de residuos, involucrando a actores locales y adherentes del programa Peque\u00f1as Localidades.<\/p>\n<p style=\"text-align: justify;\">Desde su creaci\u00f3n, el Fondo para el Reciclaje ha financiado m\u00e1s de 160 proyectos, con una inversi\u00f3n total superior a $3.000 millones, consolid\u00e1ndose como un instrumento estrat\u00e9gico para promover una cultura ambiental consciente, colaborativa e inclusiva. En 2025, el FPR cumple 8 a\u00f1os desde la publicaci\u00f3n de su reglamento, reafirmando su rol como pilar clave para avanzar hacia un Chile m\u00e1s limpio y sostenible.<\/p>\n<p style=\"text-align: justify;\">Logros alcanzados en 2024<\/p>\n<p style=\"text-align: justify;\">Otra de las iniciativas financiadas en 2024 con un FPR, es el proyecto \u201cVermiriqueza\u201d, el cual beneficia a 115 familias de Chill\u00e1n Viejo con el objetivo de fomentar la econom\u00eda circular y educar sobre la valorizaci\u00f3n de residuos org\u00e1nicos, que contempla la entrega de vermicomposteras y kits de compostaje a vecinos de tres juntas vecinales, promoviendo el compostaje como una herramienta clave para reducir el 60% de residuos org\u00e1nicos generados en los hogares y proteger el medio ambiente.<\/p>\n<p style=\"text-align: justify;\">Durante la Telet\u00f3n 2024, la regi\u00f3n de \u00d1uble demostr\u00f3 su compromiso con el medio ambiente y la solidaridad al recolectar 7.844 kilos de botellas pl\u00e1sticas PET1 en la campa\u00f1a \u201cFamilias Reciclando en #ModoBilzYPap\u201d. Comunas como San Carlos, San Fabi\u00e1n, Coihueco y Chill\u00e1n destacaron por su participaci\u00f3n, sumando esfuerzos de familias, escuelas, pymes y puntos limpios. La campa\u00f1a en \u00d1uble logr\u00f3 reunir 2.750 kilos con la participaci\u00f3n de 18 municipios involucrados.<\/p>\n<p style=\"text-align: justify;\">El programa \u201cToma la Sart\u00e9n por el Mango\u201d, desarrollado por Essbio junto al Ministerio del Medio Ambiente, ha reciclado 11.961 litros de aceite de cocina usado, evitando su impacto contaminante en alcantarillados y cuerpos de agua. Implementado en diversas comunas como San Carlos y Chill\u00e1n, contempla la instalaci\u00f3n de unos 40 puntos de reciclaje, muchos en colegios, y fomenta la participaci\u00f3n comunitaria mediante campa\u00f1as informativas. Adem\u00e1s, fortalece la colaboraci\u00f3n entre municipios y empresa para proteger los ecosistemas y promover la sostenibilidad.<\/p>\n<p style=\"text-align: justify;\">Con financiamiento de Fondos de Protecci\u00f3n Ambiental, en 2024 el centro General de Padres y Apoderados del Liceo Manuel Bulnes desarroll\u00f3 un programa de capacitaci\u00f3n en compostaje domiciliario bajo el lema \u201cTransforma tu basura en vida para tus plantas\u201d, promoviendo el aprovechamiento de residuos org\u00e1nicos en los hogares.<\/p>\n<p style=\"text-align: justify;\">Proyecciones para 2025<\/p>\n<p style=\"text-align: justify;\">La Agrupaci\u00f3n de Defensa y Conservaci\u00f3n de la Flora y Fauna del Valle Templado, en Yungay, ejecutar\u00e1 el proyecto \u201cNo m\u00e1s fuego\u201d este a\u00f1o, una iniciativa ambiental apoyada con un FPA que busca reducir las emisiones de gases de efecto invernadero mediante el chipeo de ramas. Esta pr\u00e1ctica, que consiste en triturar los residuos vegetales para su reutilizaci\u00f3n, reemplaza la quema tradicional de ramas, una acci\u00f3n com\u00fan en cinco sectores rurales que genera contaminaci\u00f3n atmosf\u00e9rica y riesgos de incendios.<\/p>\n<p style=\"text-align: justify;\">Como parte de estas acciones y con motivo del D\u00eda Mundial del Medio Ambiente, el pr\u00f3ximo 5 de junio se llevar\u00e1 a cabo en la regi\u00f3n la Primera Edici\u00f3n de la Cumbre de Econom\u00eda Circular en Chill\u00e1n. Esta actividad busca capacitar a los municipios en normativa ambiental, especialmente en la Ley REP, la Ley de Pl\u00e1sticos de un Solo Uso (Ley PUSU), y la inclusi\u00f3n de recicladores de base.<\/p>\n<p style=\"text-align: justify;\">La cumbre forma parte del despliegue nacional del Fondo para el Reciclaje 2025 y tendr\u00e1 r\u00e9plicas en todas las regiones del pa\u00eds. Su prop\u00f3sito es fortalecer las capacidades locales para una gesti\u00f3n sustentable de residuos, promoviendo la reducci\u00f3n, reutilizaci\u00f3n y valorizaci\u00f3n de materiales, en concordancia con la Hoja de Ruta para un Chile Circular al 2040.<\/p>\n<p>&nbsp;<\/p>\n<p><img loading=\"lazy\" decoding=\"async\" class=\"alignnone wp-image-32618 size-full\" src=\"https:\/\/www.yungayino.cl\/noticias\/wp-content\/uploads\/2025\/05\/foto-2.jpg\" alt=\"\" width=\"700\" height=\"525\" srcset=\"https:\/\/www.yungayino.cl\/noticias\/wp-content\/uploads\/2025\/05\/foto-2.jpg 700w, https:\/\/www.yungayino.cl\/noticias\/wp-content\/uploads\/2025\/05\/foto-2-300x225.jpg 300w\" sizes=\"auto, (max-width: 700px) 100vw, 700px\" \/><\/p>\n<p><img loading=\"lazy\" decoding=\"async\" class=\"alignnone wp-image-32619 size-full\" src=\"https:\/\/www.yungayino.cl\/noticias\/wp-content\/uploads\/2025\/05\/foto-3.jpg\" alt=\"\" width=\"700\" height=\"525\" srcset=\"https:\/\/www.yungayino.cl\/noticias\/wp-content\/uploads\/2025\/05\/foto-3.jpg 700w, https:\/\/www.yungayino.cl\/noticias\/wp-content\/uploads\/2025\/05\/foto-3-300x225.jpg 300w\" sizes=\"auto, (max-width: 700px) 100vw, 700px\" \/><\/p>\n<p><img loading=\"lazy\" decoding=\"async\" class=\"alignnone wp-image-32620 size-full\" src=\"https:\/\/www.yungayino.cl\/noticias\/wp-content\/uploads\/2025\/05\/foto-4.jpg\" alt=\"\" width=\"700\" height=\"525\" srcset=\"https:\/\/www.yungayino.cl\/noticias\/wp-content\/uploads\/2025\/05\/foto-4.jpg 700w, https:\/\/www.yungayino.cl\/noticias\/wp-content\/uploads\/2025\/05\/foto-4-300x225.jpg 300w\" sizes=\"auto, (max-width: 700px) 100vw, 700px\" \/><\/p>\n<p><img loading=\"lazy\" decoding=\"async\" class=\"alignnone wp-image-32621 size-full\" src=\"https:\/\/www.yungayino.cl\/noticias\/wp-content\/uploads\/2025\/05\/foto-5.jpg\" alt=\"\" width=\"700\" height=\"525\" srcset=\"https:\/\/www.yungayino.cl\/noticias\/wp-content\/uploads\/2025\/05\/foto-5.jpg 700w, https:\/\/www.yungayino.cl\/noticias\/wp-content\/uploads\/2025\/05\/foto-5-300x225.jpg 300w\" sizes=\"auto, (max-width: 700px) 100vw, 700px\" \/><\/p>\n","protected":false},"excerpt":{"rendered":"<p>\u00d1uble, mayo 2025: El D\u00eda Mundial del Reciclaje, que se celebra cada 17 de mayo y es promovido por la UNESCO, tiene como objetivo generar conciencia sobre la importancia de una gesti\u00f3n responsable de&#46;&#46;&#46;<\/p>\n","protected":false},"author":2,"featured_media":32613,"comment_status":"closed","ping_status":"closed","sticky":false,"template":"","format":"standard","meta":{"footnotes":""},"categories":[1],"tags":[3337,904,1115,1678,8,6,117],"class_list":["post-32612","post","type-post","status-publish","format-standard","has-post-thumbnail","hentry","category-noticias","tag-dia-mundial-del-reciclaje","tag-medio-ambiente","tag-noticias","tag-nuble","tag-yungay","tag-yungayino","tag-yungayinocl"],"_links":{"self":[{"href":"https:\/\/www.yungayino.cl\/noticias\/index.php?rest_route=\/wp\/v2\/posts\/32612","targetHints":{"allow":["GET"]}}],"collection":[{"href":"https:\/\/www.yungayino.cl\/noticias\/index.php?rest_route=\/wp\/v2\/posts"}],"about":[{"href":"https:\/\/www.yungayino.cl\/noticias\/index.php?rest_route=\/wp\/v2\/types\/post"}],"author":[{"embeddable":true,"href":"https:\/\/www.yungayino.cl\/noticias\/index.php?rest_route=\/wp\/v2\/users\/2"}],"replies":[{"embeddable":true,"href":"https:\/\/www.yungayino.cl\/noticias\/index.php?rest_route=%2Fwp%2Fv2%2Fcomments&post=32612"}],"version-history":[{"count":2,"href":"https:\/\/www.yungayino.cl\/noticias\/index.php?rest_route=\/wp\/v2\/posts\/32612\/revisions"}],"predecessor-version":[{"id":32623,"href":"https:\/\/www.yungayino.cl\/noticias\/index.php?rest_route=\/wp\/v2\/posts\/32612\/revisions\/32623"}],"wp:featuredmedia":[{"embeddable":true,"href":"https:\/\/www.yungayino.cl\/noticias\/index.php?rest_route=\/wp\/v2\/media\/32613"}],"wp:attachment":[{"href":"https:\/\/www.yungayino.cl\/noticias\/index.php?rest_route=%2Fwp%2Fv2%2Fmedia&parent=32612"}],"wp:term":[{"taxonomy":"category","embeddable":true,"href":"https:\/\/www.yungayino.cl\/noticias\/index.php?rest_route=%2Fwp%2Fv2%2Fcategories&post=32612"},{"taxonomy":"post_tag","embeddable":true,"href":"https:\/\/www.yungayino.cl\/noticias\/index.php?rest_route=%2Fwp%2Fv2%2Ftags&post=32612"}],"curies":[{"name":"wp","href":"https:\/\/api.w.org\/{rel}","templated":true}]}}