{"id":32628,"date":"2025-05-23T07:00:14","date_gmt":"2025-05-23T10:00:14","guid":{"rendered":"https:\/\/www.yungayino.cl\/noticias\/?p=32628"},"modified":"2025-05-16T20:34:32","modified_gmt":"2025-05-16T23:34:32","slug":"gobernador-crisostomo-fortalece-lazo-con-neuquen-para-avanzar-en-gestiones-del-paso-minas-nuble","status":"publish","type":"post","link":"https:\/\/www.yungayino.cl\/noticias\/?p=32628","title":{"rendered":"Gobernador Cris\u00f3stomo fortalece lazo con Neuqu\u00e9n para avanzar en gestiones del paso Minas \u00d1uble"},"content":{"rendered":"<p><img loading=\"lazy\" decoding=\"async\" class=\"alignnone wp-image-32629 size-full\" src=\"https:\/\/www.yungayino.cl\/noticias\/wp-content\/uploads\/2025\/05\/foto-1.jpg\" alt=\"\" width=\"700\" height=\"350\" srcset=\"https:\/\/www.yungayino.cl\/noticias\/wp-content\/uploads\/2025\/05\/foto-1.jpg 700w, https:\/\/www.yungayino.cl\/noticias\/wp-content\/uploads\/2025\/05\/foto-1-300x150.jpg 300w\" sizes=\"auto, (max-width: 700px) 100vw, 700px\" \/><\/p>\n<p style=\"text-align: justify;\">\u00d1uble, mayo 2025: El acercamiento con el Gobernador de la Provincia de Neuqu\u00e9n se dio en el marco de la Cumbre del Eje Trasandino Centro Sur, realizada en la Regi\u00f3n del Biob\u00edo, donde la autoridad de \u00d1uble expuso como parte de los avances en conectividad binacional las coordinaciones y mejoras en infraestructura que se han realizado con miras a la futura conexi\u00f3n internacional.<\/p>\n<p style=\"text-align: justify;\">Con el firme prop\u00f3sito de fortalecer las gestiones con Argentina que permitan concretar el paso internacional Minas \u00d1uble, el Gobernador Regional \u00d3scar Cris\u00f3stomo destac\u00f3 en su presentaci\u00f3n en la Cumbre del Eje Trasandino Centro Sur, realizada en la Regi\u00f3n del Biob\u00edo, los avances en este tema, considerando la participaci\u00f3n en esta jornada del Gobernador de la Provincia de Neuqu\u00e9n, Rolando Figueroa, para posteriormente abordar con la autoridad trasandina los desaf\u00edos pendientes para contar con esta conexi\u00f3n internacional.<\/p>\n<p style=\"text-align: justify;\">Sobre ello, el Gobernador Cris\u00f3stomo, detall\u00f3 que la conversaci\u00f3n fue una instancia \u201cmuy gratificante y muy necesaria\u201d y recalc\u00f3 que \u201ctenemos muchos desaf\u00edos por delante, desde el \u00e1mbito del gas, log\u00edstico y tambi\u00e9n el control de ciertas situaciones que se pueden presentar, debido a los distintos pasos que existen. En ese marco, hemos establecido las fases para poder seguir avanzando en el paso internacional Minas \u00d1uble\u201d.<\/p>\n<p style=\"text-align: justify;\">Asimismo, record\u00f3 que \u201ccomo regi\u00f3n hemos hecho diversas inversiones, lo \u00faltimo, la instalaci\u00f3n de los dos puentes mecano por parte del MOP, que est\u00e1n pr\u00f3ximos a ser inaugurados y se han mejorado cerca de 30 kil\u00f3metros. Lo que nos queda pendiente son 23 kil\u00f3metros, desde el sector El Roble hasta el paso internacional, donde tenemos el compromiso de mejorar el camino y en eso tambi\u00e9n el Gobernador de Neuqu\u00e9n ha establecido un cronograma de trabajo (\u2026) de hecho en las pr\u00f3ximas semanas se constituir\u00e1 en el lado argentino para revisar las condiciones de la ruta, porque lo que esperamos a futuro es que ambas rutas est\u00e9n no solamente funcionando, sino tambi\u00e9n asfaltadas\u201d.<\/p>\n<p style=\"text-align: justify;\">Durante la jornada, el Gobernador de Neuqu\u00e9n se refiri\u00f3 a la importancia de avanzar en diferentes obras de infraestructura: \u201cveo muy positiva la posibilidad de ponernos\u00a0de acuerdo en qu\u00e9 pasos internacionales poder privilegiar,\u00a0de qu\u00e9 manera trabajar en turismo,\u00a0de qu\u00e9 manera fomentar el asentamiento industrial\u201d, dijo. En ese sentido, explic\u00f3 que \u201cnosotros creemos que es importante\u00a0que Chile nos manifieste\u00a0qu\u00e9 intenciones tiene de potenciar cu\u00e1l paso. Por supuesto los gobernadores, cada uno tiene su visi\u00f3n\u00a0de cu\u00e1l es el paso importante y todos tienen determinadas ventajas competitivas (\u2026) \u00a0Pero es relevante que tomemos la decisi\u00f3n en conjunto\u201d.<\/p>\n<p style=\"text-align: justify;\">Cumbre del Eje Trasandino Centro Sur<\/p>\n<p style=\"text-align: justify;\">Fue el Gobierno Regional del Biob\u00edo quien convoc\u00f3 a la Cumbre del Eje Trasandino Centro Sur, instancia de di\u00e1logo donde participaron tambi\u00e9n Maule, \u00d1uble, La Araucan\u00eda, Los R\u00edos y Los Lagos; adem\u00e1s de la Provincia argentina de Neuqu\u00e9n.<\/p>\n<p style=\"text-align: justify;\">En este sentido, el Gobernador del Biob\u00edo, Sergio Giacaman expres\u00f3 que \u201clo que nosotros hemos hecho es convocar a este Eje Trasandino Centro Sur para buscar c\u00f3mo trabajamos en conjunto para mejorar la calidad de vida\u00a0y las oportunidades de quienes habitan en nuestras regiones. En ese contexto, Biob\u00edo lo que ofrece es gatillar este proceso de trabajo conjunto entre las regiones y ser la plataforma log\u00edstica de la zona centro sur\u201d. Agreg\u00f3 que \u201ces muy relevante actuar en bloque, porque este pa\u00eds es centralizado, las decisiones se toman principalmente en Santiago, y entendiendo que si trabajamos juntos representamos a m\u00e1s de seis millones de habitantes de Chile,\u00a0que es b\u00e1sicamente un tercio del pa\u00eds, que requieren la misma atenci\u00f3n que tienen los habitantes de Santiago y, de esa manera, lograr mejorar la inversi\u00f3n que el Estado est\u00e1 realizando\u00a0en nuestras regiones\u201d.<\/p>\n<p style=\"text-align: justify;\">La cumbre, en sus dos jornadas, contempl\u00f3 una serie de actividades orientadas a diagnosticar necesidades log\u00edsticas, compartir experiencias regionales y generar una hoja de ruta para una integraci\u00f3n efectiva, a trav\u00e9s de diversos expositores y visitas a terreno a diferentes industrias locales.<\/p>\n","protected":false},"excerpt":{"rendered":"<p>\u00d1uble, mayo 2025: El acercamiento con el Gobernador de la Provincia de Neuqu\u00e9n se dio en el marco de la Cumbre del Eje Trasandino Centro Sur, realizada en la Regi\u00f3n del Biob\u00edo, donde la&#46;&#46;&#46;<\/p>\n","protected":false},"author":2,"featured_media":32629,"comment_status":"closed","ping_status":"closed","sticky":false,"template":"","format":"standard","meta":{"footnotes":""},"categories":[1],"tags":[1115,1678,3338,8,6,117],"class_list":["post-32628","post","type-post","status-publish","format-standard","has-post-thumbnail","hentry","category-noticias","tag-noticias","tag-nuble","tag-paso-minas","tag-yungay","tag-yungayino","tag-yungayinocl"],"_links":{"self":[{"href":"https:\/\/www.yungayino.cl\/noticias\/index.php?rest_route=\/wp\/v2\/posts\/32628","targetHints":{"allow":["GET"]}}],"collection":[{"href":"https:\/\/www.yungayino.cl\/noticias\/index.php?rest_route=\/wp\/v2\/posts"}],"about":[{"href":"https:\/\/www.yungayino.cl\/noticias\/index.php?rest_route=\/wp\/v2\/types\/post"}],"author":[{"embeddable":true,"href":"https:\/\/www.yungayino.cl\/noticias\/index.php?rest_route=\/wp\/v2\/users\/2"}],"replies":[{"embeddable":true,"href":"https:\/\/www.yungayino.cl\/noticias\/index.php?rest_route=%2Fwp%2Fv2%2Fcomments&post=32628"}],"version-history":[{"count":3,"href":"https:\/\/www.yungayino.cl\/noticias\/index.php?rest_route=\/wp\/v2\/posts\/32628\/revisions"}],"predecessor-version":[{"id":32632,"href":"https:\/\/www.yungayino.cl\/noticias\/index.php?rest_route=\/wp\/v2\/posts\/32628\/revisions\/32632"}],"wp:featuredmedia":[{"embeddable":true,"href":"https:\/\/www.yungayino.cl\/noticias\/index.php?rest_route=\/wp\/v2\/media\/32629"}],"wp:attachment":[{"href":"https:\/\/www.yungayino.cl\/noticias\/index.php?rest_route=%2Fwp%2Fv2%2Fmedia&parent=32628"}],"wp:term":[{"taxonomy":"category","embeddable":true,"href":"https:\/\/www.yungayino.cl\/noticias\/index.php?rest_route=%2Fwp%2Fv2%2Fcategories&post=32628"},{"taxonomy":"post_tag","embeddable":true,"href":"https:\/\/www.yungayino.cl\/noticias\/index.php?rest_route=%2Fwp%2Fv2%2Ftags&post=32628"}],"curies":[{"name":"wp","href":"https:\/\/api.w.org\/{rel}","templated":true}]}}