{"id":32644,"date":"2025-05-31T07:00:02","date_gmt":"2025-05-31T10:00:02","guid":{"rendered":"https:\/\/www.yungayino.cl\/noticias\/?p=32644"},"modified":"2025-05-20T20:46:23","modified_gmt":"2025-05-20T23:46:23","slug":"nuble-se-prepara-para-la-implementacion-de-licencia-digital-con-ultima-jornada-de-capacitacion-regional","status":"publish","type":"post","link":"https:\/\/www.yungayino.cl\/noticias\/?p=32644","title":{"rendered":"\u00d1uble se prepara para la implementaci\u00f3n de licencia digital con \u00faltima jornada de capacitaci\u00f3n regional"},"content":{"rendered":"<p><img loading=\"lazy\" decoding=\"async\" class=\"alignnone wp-image-32645 size-full\" src=\"https:\/\/www.yungayino.cl\/noticias\/wp-content\/uploads\/2025\/05\/6.jpg\" alt=\"\" width=\"700\" height=\"350\" srcset=\"https:\/\/www.yungayino.cl\/noticias\/wp-content\/uploads\/2025\/05\/6.jpg 700w, https:\/\/www.yungayino.cl\/noticias\/wp-content\/uploads\/2025\/05\/6-300x150.jpg 300w\" sizes=\"auto, (max-width: 700px) 100vw, 700px\" \/><\/p>\n<p style=\"text-align: justify;\">\u00d1uble, mayo 2025: Con miras a fortalecer la seguridad vial y avanzar en la transformaci\u00f3n digital del pa\u00eds, la SEREMI de Transportes y Telecomunicaciones de \u00d1uble, en conjunto con la Comisi\u00f3n Nacional de Seguridad de Tr\u00e1nsito (CONASET), llev\u00f3 a cabo la \u00faltima jornada de capacitaci\u00f3n dirigida a las direcciones de tr\u00e1nsito de las 21 comunas de la regi\u00f3n, en el marco del nuevo Plan de Modernizaci\u00f3n de Licencias de Conducir.<\/p>\n<p style=\"text-align: justify;\">Esta iniciativa, que contempla la digitalizaci\u00f3n de las licencias de conducir en todo el territorio nacional, permitir\u00e1 mejorar los procesos de fiscalizaci\u00f3n gracias a una base de datos centralizada y actualizada mediante un c\u00f3digo QR, que podr\u00e1 ser le\u00eddo exclusivamente por las herramientas de control de Carabineros, fiscalizadores del Ministerio de Transportes y municipios. Adem\u00e1s, el nuevo documento digital contar\u00e1 con elementos de seguridad avanzados para prevenir su falsificaci\u00f3n.<\/p>\n<p style=\"text-align: justify;\">El Seremi de Transportes y Telecomunicaciones de \u00d1uble, Javier Isa Figueroa, se\u00f1al\u00f3: \u201cLa seguridad vial es una prioridad en nuestra regi\u00f3n. Por eso, hemos estado trabajando activamente desde hace meses junto a CONASET, fiscalizadores y las direcciones de tr\u00e1nsito de las 21 comunas de \u00d1uble. Nuestro compromiso es claro: implementar los nuevos cambios en la licencia de conducir con responsabilidad, resolviendo cada inquietud y garantizando un proceso eficiente para todas y todos.\u201d<\/p>\n<p style=\"text-align: justify;\">Asimismo, la autoridad regional a\u00f1adi\u00f3 que \u201cla participaci\u00f3n de conductores sin licencia o con licencias fraudulentas representa una grave amenaza para la seguridad vial, siendo responsables de entre un 8% y un 20% de los lesionados y fallecidos en siniestros de tr\u00e1nsito.<br \/>\nAnte esta problem\u00e1tica, este proyecto tiene como objetivo principal reducir la siniestralidad asociada a este tipo de conductores, mediante el desarrollo e implementaci\u00f3n de herramientas tecnol\u00f3gicas que brinden apoyo tanto a los conductores como a las distintas entidades involucradas en la gesti\u00f3n del tr\u00e1nsito y la seguridad vial\u201d.<\/p>\n<p style=\"text-align: justify;\">Estas instancias marcan la etapa final de preparaci\u00f3n antes de que comience a regir oficialmente el nuevo sistema en la regi\u00f3n de \u00d1uble, con fecha de inicio programada desde el 2 de junio y el 1 de julio de 2025, junto con las regiones de Tarapac\u00e1, Ays\u00e9n, Arica y Parinacota, Antofagasta y Magallanes.<\/p>\n<p style=\"text-align: justify;\">Cabe destacar que la nueva licencia digital coexistir\u00e1 con la versi\u00f3n f\u00edsica, que no ser\u00e1 eliminada. La implementaci\u00f3n ser\u00e1 gradual, y la licencia digital ser\u00e1 entregada a quienes renueven u obtengan por primera vez su licencia de conducir a partir de la fecha indicada.<\/p>\n<p style=\"text-align: justify;\">Con esta modernizaci\u00f3n, Chile da un paso importante hacia un sistema de transporte m\u00e1s seguro, eficiente y alineado con los desaf\u00edos tecnol\u00f3gicos del presente.<\/p>\n","protected":false},"excerpt":{"rendered":"<p>\u00d1uble, mayo 2025: Con miras a fortalecer la seguridad vial y avanzar en la transformaci\u00f3n digital del pa\u00eds, la SEREMI de Transportes y Telecomunicaciones de \u00d1uble, en conjunto con la Comisi\u00f3n Nacional de Seguridad&#46;&#46;&#46;<\/p>\n","protected":false},"author":2,"featured_media":32645,"comment_status":"closed","ping_status":"closed","sticky":false,"template":"","format":"standard","meta":{"footnotes":""},"categories":[1],"tags":[1115,1678,8,6,117],"class_list":["post-32644","post","type-post","status-publish","format-standard","has-post-thumbnail","hentry","category-noticias","tag-noticias","tag-nuble","tag-yungay","tag-yungayino","tag-yungayinocl"],"_links":{"self":[{"href":"https:\/\/www.yungayino.cl\/noticias\/index.php?rest_route=\/wp\/v2\/posts\/32644","targetHints":{"allow":["GET"]}}],"collection":[{"href":"https:\/\/www.yungayino.cl\/noticias\/index.php?rest_route=\/wp\/v2\/posts"}],"about":[{"href":"https:\/\/www.yungayino.cl\/noticias\/index.php?rest_route=\/wp\/v2\/types\/post"}],"author":[{"embeddable":true,"href":"https:\/\/www.yungayino.cl\/noticias\/index.php?rest_route=\/wp\/v2\/users\/2"}],"replies":[{"embeddable":true,"href":"https:\/\/www.yungayino.cl\/noticias\/index.php?rest_route=%2Fwp%2Fv2%2Fcomments&post=32644"}],"version-history":[{"count":1,"href":"https:\/\/www.yungayino.cl\/noticias\/index.php?rest_route=\/wp\/v2\/posts\/32644\/revisions"}],"predecessor-version":[{"id":32646,"href":"https:\/\/www.yungayino.cl\/noticias\/index.php?rest_route=\/wp\/v2\/posts\/32644\/revisions\/32646"}],"wp:featuredmedia":[{"embeddable":true,"href":"https:\/\/www.yungayino.cl\/noticias\/index.php?rest_route=\/wp\/v2\/media\/32645"}],"wp:attachment":[{"href":"https:\/\/www.yungayino.cl\/noticias\/index.php?rest_route=%2Fwp%2Fv2%2Fmedia&parent=32644"}],"wp:term":[{"taxonomy":"category","embeddable":true,"href":"https:\/\/www.yungayino.cl\/noticias\/index.php?rest_route=%2Fwp%2Fv2%2Fcategories&post=32644"},{"taxonomy":"post_tag","embeddable":true,"href":"https:\/\/www.yungayino.cl\/noticias\/index.php?rest_route=%2Fwp%2Fv2%2Ftags&post=32644"}],"curies":[{"name":"wp","href":"https:\/\/api.w.org\/{rel}","templated":true}]}}