{"id":32653,"date":"2025-05-20T21:02:40","date_gmt":"2025-05-21T00:02:40","guid":{"rendered":"https:\/\/www.yungayino.cl\/noticias\/?p=32653"},"modified":"2025-05-20T21:02:40","modified_gmt":"2025-05-21T00:02:40","slug":"firma-de-convenio-entre-la-municipalidad-de-yungay-y-la-camara-de-comercio-a-g","status":"publish","type":"post","link":"https:\/\/www.yungayino.cl\/noticias\/?p=32653","title":{"rendered":"Firma de convenio entre la Municipalidad de Yungay y la C\u00e1mara de Comercio A.G."},"content":{"rendered":"<p><img loading=\"lazy\" decoding=\"async\" class=\"alignnone wp-image-32657 size-full\" src=\"https:\/\/www.yungayino.cl\/noticias\/wp-content\/uploads\/2025\/05\/4-1.jpg\" alt=\"\" width=\"700\" height=\"384\" srcset=\"https:\/\/www.yungayino.cl\/noticias\/wp-content\/uploads\/2025\/05\/4-1.jpg 700w, https:\/\/www.yungayino.cl\/noticias\/wp-content\/uploads\/2025\/05\/4-1-300x165.jpg 300w\" sizes=\"auto, (max-width: 700px) 100vw, 700px\" \/><\/p>\n<p style=\"text-align: justify;\">Yungay, mayo 2025: Este mi\u00e9rcoles 15 de mayo se llev\u00f3 a cabo la firma de un convenio de comodato entre la Ilustre Municipalidad de Yungay y la Asociaci\u00f3n Gremial de Comercio, Industria, Turismo, Transporte y Servicios de Yungay A.G., representada por su presidenta, Gloria Pamela Chain Borgeaud.<\/p>\n<p style=\"text-align: justify;\">El acuerdo, suscrito por el alcalde Rafael Cifuentes Rodr\u00edguez, permitir\u00e1 a la C\u00e1mara de Comercio hacer uso de una oficina ubicada en dependencias municipales, con el fin de apoyar el desarrollo del comercio local y fortalecer la vinculaci\u00f3n con los emprendedores de la comuna.<\/p>\n<p style=\"text-align: justify;\">Este espacio busca ser un punto de encuentro y gesti\u00f3n para las actividades gremiales, promoviendo la organizaci\u00f3n y el trabajo colaborativo entre los distintos actores del rubro. La medida forma parte del compromiso municipal con el fomento productivo y el fortalecimiento de las alianzas p\u00fablico-privadas.<\/p>\n","protected":false},"excerpt":{"rendered":"<p>Yungay, mayo 2025: Este mi\u00e9rcoles 15 de mayo se llev\u00f3 a cabo la firma de un convenio de comodato entre la Ilustre Municipalidad de Yungay y la Asociaci\u00f3n Gremial de Comercio, Industria, Turismo, Transporte&#46;&#46;&#46;<\/p>\n","protected":false},"author":2,"featured_media":32656,"comment_status":"closed","ping_status":"closed","sticky":false,"template":"","format":"standard","meta":{"footnotes":""},"categories":[1],"tags":[1083,1115,8,6,117],"class_list":["post-32653","post","type-post","status-publish","format-standard","has-post-thumbnail","hentry","category-noticias","tag-camara-de-comercio","tag-noticias","tag-yungay","tag-yungayino","tag-yungayinocl"],"_links":{"self":[{"href":"https:\/\/www.yungayino.cl\/noticias\/index.php?rest_route=\/wp\/v2\/posts\/32653","targetHints":{"allow":["GET"]}}],"collection":[{"href":"https:\/\/www.yungayino.cl\/noticias\/index.php?rest_route=\/wp\/v2\/posts"}],"about":[{"href":"https:\/\/www.yungayino.cl\/noticias\/index.php?rest_route=\/wp\/v2\/types\/post"}],"author":[{"embeddable":true,"href":"https:\/\/www.yungayino.cl\/noticias\/index.php?rest_route=\/wp\/v2\/users\/2"}],"replies":[{"embeddable":true,"href":"https:\/\/www.yungayino.cl\/noticias\/index.php?rest_route=%2Fwp%2Fv2%2Fcomments&post=32653"}],"version-history":[{"count":1,"href":"https:\/\/www.yungayino.cl\/noticias\/index.php?rest_route=\/wp\/v2\/posts\/32653\/revisions"}],"predecessor-version":[{"id":32658,"href":"https:\/\/www.yungayino.cl\/noticias\/index.php?rest_route=\/wp\/v2\/posts\/32653\/revisions\/32658"}],"wp:featuredmedia":[{"embeddable":true,"href":"https:\/\/www.yungayino.cl\/noticias\/index.php?rest_route=\/wp\/v2\/media\/32656"}],"wp:attachment":[{"href":"https:\/\/www.yungayino.cl\/noticias\/index.php?rest_route=%2Fwp%2Fv2%2Fmedia&parent=32653"}],"wp:term":[{"taxonomy":"category","embeddable":true,"href":"https:\/\/www.yungayino.cl\/noticias\/index.php?rest_route=%2Fwp%2Fv2%2Fcategories&post=32653"},{"taxonomy":"post_tag","embeddable":true,"href":"https:\/\/www.yungayino.cl\/noticias\/index.php?rest_route=%2Fwp%2Fv2%2Ftags&post=32653"}],"curies":[{"name":"wp","href":"https:\/\/api.w.org\/{rel}","templated":true}]}}