{"id":32664,"date":"2025-06-02T07:00:57","date_gmt":"2025-06-02T10:00:57","guid":{"rendered":"https:\/\/www.yungayino.cl\/noticias\/?p=32664"},"modified":"2025-05-31T21:32:30","modified_gmt":"2025-06-01T00:32:30","slug":"autoridades-regionales-dan-a-conocer-ventanilla-unica-portal-que-reune-tramites-servicios-y-prestaciones-del-estado","status":"publish","type":"post","link":"https:\/\/www.yungayino.cl\/noticias\/?p=32664","title":{"rendered":"Autoridades regionales dan a conocer Ventanilla \u00danica portal que re\u00fane tr\u00e1mites servicios y prestaciones del Estado"},"content":{"rendered":"<p><img loading=\"lazy\" decoding=\"async\" class=\"alignnone wp-image-32666 size-full\" src=\"https:\/\/www.yungayino.cl\/noticias\/wp-content\/uploads\/2025\/05\/ventanilla-unica-social.jpg\" alt=\"\" width=\"700\" height=\"331\" srcset=\"https:\/\/www.yungayino.cl\/noticias\/wp-content\/uploads\/2025\/05\/ventanilla-unica-social.jpg 700w, https:\/\/www.yungayino.cl\/noticias\/wp-content\/uploads\/2025\/05\/ventanilla-unica-social-300x142.jpg 300w, https:\/\/www.yungayino.cl\/noticias\/wp-content\/uploads\/2025\/05\/ventanilla-unica-social-520x245.jpg 520w\" sizes=\"auto, (max-width: 700px) 100vw, 700px\" \/><\/p>\n<p style=\"text-align: justify;\">Junio 2025: Con el objetivo de modernizar y simplificar la relaci\u00f3n entre el Estado y la ciudadan\u00eda las seremis de Gobierno, Valentina Pradenas, y de Desarrollo Social y Familia, Marta Carvajal, dieron a conocer oficialmente en \u00d1uble, la\u00a0Ventanilla \u00danica Social (VUS), una innovadora plataforma digital que centraliza m\u00e1s de 130 beneficios, prestaciones y tr\u00e1mites sociales en un solo lugar.<\/p>\n<p style=\"text-align: justify;\">Disponible en\u00a0<a href=\"https:\/\/ventanillaunicasocial.gob.cl\/\">https:\/\/ventanillaunicasocial.gob.cl<\/a>, esta herramienta busca facilitar el acceso a la red de protecci\u00f3n social de manera\u00a0simple, r\u00e1pida y segura. La plataforma funciona mediante el uso de la Clave \u00danica, lo que permite a los usuarios acceder a sus datos y postular a beneficios con solo unos clics.<\/p>\n<p style=\"text-align: justify;\">\u201cEstamos dando un paso concreto hacia un Estado m\u00e1s moderno, eficiente y cercano a las personas. Con la Ventanilla \u00danica Social, ya no ser\u00e1 necesario ir a los distintos servicios p\u00fablicos ni navegar por m\u00faltiples p\u00e1ginas web, ya que en un solo sitio estar\u00e1n disponibles m\u00e1s de 130 tr\u00e1mites, beneficios y prestaciones sociales al alcance de todos y todas\u201d, se\u00f1al\u00f3 la vocera regional Valentina Pradenas.<\/p>\n<p style=\"text-align: justify;\">Asimismo, agreg\u00f3 que \u201cesta es una muy buena noticia para \u00d1uble, sobre todo por la alta ruralidad y dispersi\u00f3n geogr\u00e1fica de la regi\u00f3n. Muchas personas podr\u00e1n evitar traslados complejos y resolver sus necesidades de consultas y tr\u00e1mites. Lo que se ve reflejado en una reducci\u00f3n de tiempo y costo para ellos\u201d.<\/p>\n<p style=\"text-align: justify;\">Por su parte, la seremi de Desarrollo Social y Familia, destac\u00f3 que \u201caqu\u00ed hay informaci\u00f3n de m\u00e1s de 240 programas sociales a los que se puede acceder y 130 tr\u00e1mites que pueden realizar en la plataforma. Esto ha implicado la coordinaci\u00f3n con distintos ministerios, tanto del Ministerio de Desarrollo Social como el de Salud y Vivienda donde van a poder postular a algunos de los subsidios por medio de esta plataforma y tambi\u00e9n van a poder acceder a informaci\u00f3n como ex\u00e1menes pendientes, vacunaciones y horas m\u00e9dicas que se hayan solicitado por telemedicina. Adem\u00e1s, van a poder postular a los distintos beneficios como la Pensi\u00f3n Garantizada\u00a0Universal\u201d.<\/p>\n<p style=\"text-align: justify;\">La VUS integra tr\u00e1mites vinculados a \u00e1reas fundamentales como\u00a0salud, vivienda, pensiones, cuidados y emprendimiento, consolidando en una sola interfaz los servicios sociales m\u00e1s relevantes para la ciudadan\u00eda.<\/p>\n","protected":false},"excerpt":{"rendered":"<p>Junio 2025: Con el objetivo de modernizar y simplificar la relaci\u00f3n entre el Estado y la ciudadan\u00eda las seremis de Gobierno, Valentina Pradenas, y de Desarrollo Social y Familia, Marta Carvajal, dieron a conocer&#46;&#46;&#46;<\/p>\n","protected":false},"author":2,"featured_media":32666,"comment_status":"closed","ping_status":"closed","sticky":false,"template":"","format":"standard","meta":{"footnotes":""},"categories":[3,1,32,2567],"tags":[1115,1678,3339,8,6,117],"class_list":["post-32664","post","type-post","status-publish","format-standard","has-post-thumbnail","hentry","category-actualidad","category-noticias","category-servicios","category-social","tag-noticias","tag-nuble","tag-ventanilla-unica-social","tag-yungay","tag-yungayino","tag-yungayinocl"],"_links":{"self":[{"href":"https:\/\/www.yungayino.cl\/noticias\/index.php?rest_route=\/wp\/v2\/posts\/32664","targetHints":{"allow":["GET"]}}],"collection":[{"href":"https:\/\/www.yungayino.cl\/noticias\/index.php?rest_route=\/wp\/v2\/posts"}],"about":[{"href":"https:\/\/www.yungayino.cl\/noticias\/index.php?rest_route=\/wp\/v2\/types\/post"}],"author":[{"embeddable":true,"href":"https:\/\/www.yungayino.cl\/noticias\/index.php?rest_route=\/wp\/v2\/users\/2"}],"replies":[{"embeddable":true,"href":"https:\/\/www.yungayino.cl\/noticias\/index.php?rest_route=%2Fwp%2Fv2%2Fcomments&post=32664"}],"version-history":[{"count":1,"href":"https:\/\/www.yungayino.cl\/noticias\/index.php?rest_route=\/wp\/v2\/posts\/32664\/revisions"}],"predecessor-version":[{"id":32667,"href":"https:\/\/www.yungayino.cl\/noticias\/index.php?rest_route=\/wp\/v2\/posts\/32664\/revisions\/32667"}],"wp:featuredmedia":[{"embeddable":true,"href":"https:\/\/www.yungayino.cl\/noticias\/index.php?rest_route=\/wp\/v2\/media\/32666"}],"wp:attachment":[{"href":"https:\/\/www.yungayino.cl\/noticias\/index.php?rest_route=%2Fwp%2Fv2%2Fmedia&parent=32664"}],"wp:term":[{"taxonomy":"category","embeddable":true,"href":"https:\/\/www.yungayino.cl\/noticias\/index.php?rest_route=%2Fwp%2Fv2%2Fcategories&post=32664"},{"taxonomy":"post_tag","embeddable":true,"href":"https:\/\/www.yungayino.cl\/noticias\/index.php?rest_route=%2Fwp%2Fv2%2Ftags&post=32664"}],"curies":[{"name":"wp","href":"https:\/\/api.w.org\/{rel}","templated":true}]}}