{"id":32731,"date":"2025-06-30T07:00:00","date_gmt":"2025-06-30T10:00:00","guid":{"rendered":"https:\/\/www.yungayino.cl\/noticias\/?p=32731"},"modified":"2025-06-25T22:28:24","modified_gmt":"2025-06-26T01:28:24","slug":"yungay-contara-por-primera-vez-con-el-programa-red-local-de-apoyos-y-cuidados-rlac","status":"publish","type":"post","link":"https:\/\/www.yungayino.cl\/noticias\/?p=32731","title":{"rendered":"Yungay contar\u00e1 por primera vez con el Programa Red Local de Apoyos y Cuidados (RLAC)"},"content":{"rendered":"<p><img loading=\"lazy\" decoding=\"async\" class=\"alignnone wp-image-32732 size-full\" src=\"https:\/\/www.yungayino.cl\/noticias\/wp-content\/uploads\/2025\/06\/1.jpg\" alt=\"\" width=\"700\" height=\"350\" srcset=\"https:\/\/www.yungayino.cl\/noticias\/wp-content\/uploads\/2025\/06\/1.jpg 700w, https:\/\/www.yungayino.cl\/noticias\/wp-content\/uploads\/2025\/06\/1-300x150.jpg 300w\" sizes=\"auto, (max-width: 700px) 100vw, 700px\" \/><\/p>\n<p style=\"text-align: justify;\">Yungay, junio 2025: Se firm\u00f3 en Chill\u00e1n el convenio entre la Municipalidad de Yungay y la Seremi de Desarrollo Social y Familia, que permitir\u00e1 implementar por primera vez en la comuna el Programa Red Local de Apoyos y Cuidados (RLAC).<\/p>\n<p style=\"text-align: justify;\">La iniciativa considera una inversi\u00f3n que supera los 128 millones de pesos, destinada a brindar apoyo integral a 101 personas de distintas edades con dependencia moderada o severa, junto a sus familias. Esto se realizar\u00e1 a trav\u00e9s de atenci\u00f3n domiciliaria, acompa\u00f1amiento t\u00e9cnico y acceso a prestaciones esenciales para su bienestar.<\/p>\n<p style=\"text-align: justify;\">Con el nuevo programa, Yungay contar\u00e1 con un equipo de 9 profesionales que trabajar\u00e1n a jornada completa, lo que permitir\u00e1 una intervenci\u00f3n directa y sostenida en los hogares beneficiarios.<\/p>\n<p style=\"text-align: justify;\">Para el alcalde Rafael Cifuentes, esta firma representa \u201cun paso fundamental para seguir avanzando en el compromiso de nuestra comuna con el cuidado y dignidad de las personas mayores y dependientes, garantizando un apoyo real y constante a quienes m\u00e1s lo necesitan\u201d.<\/p>\n","protected":false},"excerpt":{"rendered":"<p>Yungay, junio 2025: Se firm\u00f3 en Chill\u00e1n el convenio entre la Municipalidad de Yungay y la Seremi de Desarrollo Social y Familia, que permitir\u00e1 implementar por primera vez en la comuna el Programa Red&#46;&#46;&#46;<\/p>\n","protected":false},"author":2,"featured_media":32732,"comment_status":"closed","ping_status":"closed","sticky":false,"template":"","format":"standard","meta":{"footnotes":""},"categories":[1],"tags":[1115,8,6,117],"class_list":["post-32731","post","type-post","status-publish","format-standard","has-post-thumbnail","hentry","category-noticias","tag-noticias","tag-yungay","tag-yungayino","tag-yungayinocl"],"_links":{"self":[{"href":"https:\/\/www.yungayino.cl\/noticias\/index.php?rest_route=\/wp\/v2\/posts\/32731","targetHints":{"allow":["GET"]}}],"collection":[{"href":"https:\/\/www.yungayino.cl\/noticias\/index.php?rest_route=\/wp\/v2\/posts"}],"about":[{"href":"https:\/\/www.yungayino.cl\/noticias\/index.php?rest_route=\/wp\/v2\/types\/post"}],"author":[{"embeddable":true,"href":"https:\/\/www.yungayino.cl\/noticias\/index.php?rest_route=\/wp\/v2\/users\/2"}],"replies":[{"embeddable":true,"href":"https:\/\/www.yungayino.cl\/noticias\/index.php?rest_route=%2Fwp%2Fv2%2Fcomments&post=32731"}],"version-history":[{"count":1,"href":"https:\/\/www.yungayino.cl\/noticias\/index.php?rest_route=\/wp\/v2\/posts\/32731\/revisions"}],"predecessor-version":[{"id":32733,"href":"https:\/\/www.yungayino.cl\/noticias\/index.php?rest_route=\/wp\/v2\/posts\/32731\/revisions\/32733"}],"wp:featuredmedia":[{"embeddable":true,"href":"https:\/\/www.yungayino.cl\/noticias\/index.php?rest_route=\/wp\/v2\/media\/32732"}],"wp:attachment":[{"href":"https:\/\/www.yungayino.cl\/noticias\/index.php?rest_route=%2Fwp%2Fv2%2Fmedia&parent=32731"}],"wp:term":[{"taxonomy":"category","embeddable":true,"href":"https:\/\/www.yungayino.cl\/noticias\/index.php?rest_route=%2Fwp%2Fv2%2Fcategories&post=32731"},{"taxonomy":"post_tag","embeddable":true,"href":"https:\/\/www.yungayino.cl\/noticias\/index.php?rest_route=%2Fwp%2Fv2%2Ftags&post=32731"}],"curies":[{"name":"wp","href":"https:\/\/api.w.org\/{rel}","templated":true}]}}