{"id":32776,"date":"2025-07-18T07:00:07","date_gmt":"2025-07-18T10:00:07","guid":{"rendered":"https:\/\/www.yungayino.cl\/noticias\/?p=32776"},"modified":"2025-07-08T15:27:35","modified_gmt":"2025-07-08T18:27:35","slug":"asociacion-del-diguillin-expuso-necesidades-prioritarias-a-la-comision-de-obras-publicas-transportes-y-telecomunicaciones","status":"publish","type":"post","link":"https:\/\/www.yungayino.cl\/noticias\/?p=32776","title":{"rendered":"Asociaci\u00f3n del Diguill\u00edn expuso necesidades prioritarias a la Comisi\u00f3n de Obras P\u00fablicas, Transportes y Telecomunicaciones"},"content":{"rendered":"<p><img loading=\"lazy\" decoding=\"async\" class=\"alignnone wp-image-32777 size-full\" src=\"https:\/\/www.yungayino.cl\/noticias\/wp-content\/uploads\/2025\/07\/foto-2.jpg\" alt=\"\" width=\"700\" height=\"350\" srcset=\"https:\/\/www.yungayino.cl\/noticias\/wp-content\/uploads\/2025\/07\/foto-2.jpg 700w, https:\/\/www.yungayino.cl\/noticias\/wp-content\/uploads\/2025\/07\/foto-2-300x150.jpg 300w\" sizes=\"auto, (max-width: 700px) 100vw, 700px\" \/><\/p>\n<p style=\"text-align: justify;\">Julio 2025: En la reciente sesi\u00f3n especial realizada en el Teatro Municipal de Chill\u00e1n, el Alcalde de El Carmen, Ren\u00e1n Cabezas, y su par Alcalde de Bulnes, Gonzalo Bustamante, presidente y vicepresidente de la asociaci\u00f3n, fueron parte de la jornada del Poder Legislativo, que cont\u00f3 con la presencia de la Ministra de Obras P\u00fablicas, Jessica L\u00f3pez.<\/p>\n<p style=\"text-align: justify;\">Dar cuenta de las principales necesidades en las mayor\u00eda de las comunas que forman parte de la Provincia del Diguill\u00edn, en particular de las integrantes de la Asociaci\u00f3n de Municipalidades Laja Diguill\u00edn, fue lo expuesto por el presidente de dicha colectividad, el Alcalde de El Carmen Ren\u00e1n Cabezas, en la Sesi\u00f3n Especial de la Comisi\u00f3n de Obras P\u00fablicas, Transportes y Telecomunicaciones de la C\u00e1mara de Diputadas y Diputados de Chile, celebrada la pasada semana en el Teatro Municipal de Chill\u00e1n.<\/p>\n<p style=\"text-align: justify;\">Y es que la comisi\u00f3n presidida por el diputado \u00f1ublensino Felipe Cama\u00f1o, se dio la oportunidad para que las tres asociaciones de municipalidades de \u00d1uble intervinieran y mencionaras sus principales necesidades en la materia, ante una comisi\u00f3n que cont\u00f3 tambi\u00e9n entre otros parlamentarios, con los representantes de \u00d1uble, Crist\u00f3bal Mart\u00ednez, Marta Bravo y Sara Concha, as\u00ed como con la Ministra de Obras P\u00fablicas, Jessica L\u00f3pez, el Subsecretario de Transporte, la Directora Nacional de la DOH y el Director Nacional de Vialidad, junto con autoridades regionales y comunales.<\/p>\n<p style=\"text-align: justify;\">El primero en exponer iniciada la sesi\u00f3n, fue el alcalde Cabezas, quien enfatiz\u00f3 las principales necesidades del territorio centradas en mayor acceso al agua potable, alcantarillados, mejoras de conectividad vial en caminos rurales, ampliaci\u00f3n y mejora en la Ruta N-55 de Pinto, nueva carpeta asf\u00e1ltica en la ruta Tres Esquinas &#8211; Bulnes, pavimentaci\u00f3n ruta Bulnes \u2013 Quill\u00f3n, mejora en puentes, y avanzar en pavimentaci\u00f3n en rutas de El Carmen, la cual tiene 240 kms. de caminos sin pavimentar, adem\u00e1s de conectividad digital y de se\u00f1al telef\u00f3nica en los sectores rurales de la provincia, entre otras.<\/p>\n<p style=\"text-align: justify;\">\u201cComo presidente de la Asociaci\u00f3n Laja Diguill\u00edn, agradecer el espacio que se gener\u00f3 en la comuna de Chill\u00e1n, con la invitaci\u00f3n que nos hizo el presidente de la comisi\u00f3n, el diputado Felipe Cama\u00f1o, en poder exponer frente a esta comisi\u00f3n, la realidad y las necesidades, y sobre todo las brechas que tenemos en materia de caminos, de agua potable, de APR, de comunicaciones, transporte p\u00fablico. Entendemos que estas instancias son importantes, para que nuestras autoridades nacionales y regionales, conozcan tambi\u00e9n nuestra realidad y nos puedan colaborar en acortar los tiempos y poder concretar proyectos y dise\u00f1os que permitan mejorar la calidad de vida de nuestros vecinos y sobre todo en nuestras comunas que est\u00e1n en nuestra asociaci\u00f3n. Nos hicimos presentes junto al Alcalde de Bulnes, como representantes de nuestra asociaci\u00f3n y nos quedamos con la tranquilidad de poder exponer nuestra situaci\u00f3n a la Ministra de Obras P\u00fablicas y a la comisi\u00f3n\u201d, explic\u00f3 el Alcalde de El Carmen, Ren\u00e1n Cabezas, presidente de la asociaci\u00f3n diguillina.<\/p>\n<p style=\"text-align: justify;\">Tal como precis\u00f3 el jefe comunal carmelino, tambi\u00e9n se hizo presente en la sesi\u00f3n el Alcalde de Bulnes, Gonzalo Bustamante, quien es adem\u00e1s Vicepresidente de la Asociaci\u00f3n y que valor\u00f3 la oportunidad de reflejar las principales necesidades del territorio, as\u00ed como alguno de los anuncios realizados desde el MOP en el corto y mediano plazo para ejecutar en el territorio.<\/p>\n<p style=\"text-align: justify;\">\u201cAgradecer la invitaci\u00f3n a esta sesi\u00f3n, y la invitaci\u00f3n de nuestro presidente Ren\u00e1n Cabezas, que sin duda alguna reflej\u00f3 la realidad de las comunas que estamos asociadas, principalmente en pavimentaciones, en d\u00e9ficit h\u00eddrico, sobre todo en telecomunicaciones. Sabemos que se est\u00e1n haciendo esfuerzos, pero sin embargo tambi\u00e9n reconocemos que falta mucho por hace en nuestra regi\u00f3n. Muy agradecido, y en relaci\u00f3n a Bulnes bastante conformes, pues acabamos de conocer de que ya est\u00e1 en tabla para el pr\u00f3ximo a\u00f1o 2026, la repavimentaci\u00f3n de la ruta que une a Bulnes con Quill\u00f3n\u201d, expres\u00f3 Bustamante.<\/p>\n<p style=\"text-align: justify;\">Cabe recordar que la Asociaci\u00f3n de Municipalidades Laja Diguill\u00edn est\u00e1 compuesta por las comunas de Yungay, Pemuco, El Carmen, San Ignacio, Bulnes, Pinto y Chill\u00e1n Viejo, y corresponde a la asociaci\u00f3n m\u00e1s antigua de Chile, y que fue reactivada el pasado mes de junio.<\/p>\n","protected":false},"excerpt":{"rendered":"<p>Julio 2025: En la reciente sesi\u00f3n especial realizada en el Teatro Municipal de Chill\u00e1n, el Alcalde de El Carmen, Ren\u00e1n Cabezas, y su par Alcalde de Bulnes, Gonzalo Bustamante, presidente y vicepresidente de la&#46;&#46;&#46;<\/p>\n","protected":false},"author":2,"featured_media":32777,"comment_status":"closed","ping_status":"closed","sticky":false,"template":"","format":"standard","meta":{"footnotes":""},"categories":[1],"tags":[1763,1115,8,6,117],"class_list":["post-32776","post","type-post","status-publish","format-standard","has-post-thumbnail","hentry","category-noticias","tag-diguillin","tag-noticias","tag-yungay","tag-yungayino","tag-yungayinocl"],"_links":{"self":[{"href":"https:\/\/www.yungayino.cl\/noticias\/index.php?rest_route=\/wp\/v2\/posts\/32776","targetHints":{"allow":["GET"]}}],"collection":[{"href":"https:\/\/www.yungayino.cl\/noticias\/index.php?rest_route=\/wp\/v2\/posts"}],"about":[{"href":"https:\/\/www.yungayino.cl\/noticias\/index.php?rest_route=\/wp\/v2\/types\/post"}],"author":[{"embeddable":true,"href":"https:\/\/www.yungayino.cl\/noticias\/index.php?rest_route=\/wp\/v2\/users\/2"}],"replies":[{"embeddable":true,"href":"https:\/\/www.yungayino.cl\/noticias\/index.php?rest_route=%2Fwp%2Fv2%2Fcomments&post=32776"}],"version-history":[{"count":1,"href":"https:\/\/www.yungayino.cl\/noticias\/index.php?rest_route=\/wp\/v2\/posts\/32776\/revisions"}],"predecessor-version":[{"id":32778,"href":"https:\/\/www.yungayino.cl\/noticias\/index.php?rest_route=\/wp\/v2\/posts\/32776\/revisions\/32778"}],"wp:featuredmedia":[{"embeddable":true,"href":"https:\/\/www.yungayino.cl\/noticias\/index.php?rest_route=\/wp\/v2\/media\/32777"}],"wp:attachment":[{"href":"https:\/\/www.yungayino.cl\/noticias\/index.php?rest_route=%2Fwp%2Fv2%2Fmedia&parent=32776"}],"wp:term":[{"taxonomy":"category","embeddable":true,"href":"https:\/\/www.yungayino.cl\/noticias\/index.php?rest_route=%2Fwp%2Fv2%2Fcategories&post=32776"},{"taxonomy":"post_tag","embeddable":true,"href":"https:\/\/www.yungayino.cl\/noticias\/index.php?rest_route=%2Fwp%2Fv2%2Ftags&post=32776"}],"curies":[{"name":"wp","href":"https:\/\/api.w.org\/{rel}","templated":true}]}}