{"id":32786,"date":"2025-07-25T07:00:37","date_gmt":"2025-07-25T10:00:37","guid":{"rendered":"https:\/\/www.yungayino.cl\/noticias\/?p=32786"},"modified":"2025-07-28T21:43:51","modified_gmt":"2025-07-29T00:43:51","slug":"ya-se-encuentra-disponible-en-nuble-el-pase-cultural-iniciativa-que-amplia-el-acceso-a-la-vida-cultural-en-todo-el-pais","status":"publish","type":"post","link":"https:\/\/www.yungayino.cl\/noticias\/?p=32786","title":{"rendered":"Ya se encuentra disponible en \u00d1uble el PASE CULTURAL, iniciativa que ampl\u00eda el acceso a la vida cultural en todo el pa\u00eds"},"content":{"rendered":"<p><img loading=\"lazy\" decoding=\"async\" class=\"alignnone wp-image-32787 size-full\" src=\"https:\/\/www.yungayino.cl\/noticias\/wp-content\/uploads\/2025\/07\/pase-cultural.jpg\" alt=\"\" width=\"700\" height=\"875\" srcset=\"https:\/\/www.yungayino.cl\/noticias\/wp-content\/uploads\/2025\/07\/pase-cultural.jpg 700w, https:\/\/www.yungayino.cl\/noticias\/wp-content\/uploads\/2025\/07\/pase-cultural-240x300.jpg 240w\" sizes=\"auto, (max-width: 700px) 100vw, 700px\" \/><\/p>\n<p style=\"text-align: justify;\">\u00d1uble, julio 2025: Desde este mes ya est\u00e1 disponible en \u00d1uble el Pase Cultural, una iniciativa del Gobierno que busca ampliar el acceso a la cultura en todo el pa\u00eds, especialmente entre los grupos m\u00e1s vulnerables. Este beneficio est\u00e1 dirigido a quienes cumplan 18 o 65 a\u00f1os durante el a\u00f1o 2025, y consiste en la entrega de $50.000 para ser usados en una amplia variedad de bienes y servicios culturales.<\/p>\n<p style=\"text-align: justify;\">El Pase Cultural es una medida que tiene como objetivo reducir las barreras econ\u00f3micas que dificultan la participaci\u00f3n ciudadana en la vida cultural. Con este monto, los beneficiarios podr\u00e1n asistir a conciertos, funciones de cine o teatro, adquirir libros, artesan\u00eda, contenidos digitales y participar en actividades patrimoniales, entre muchas otras posibilidades.<\/p>\n<p style=\"text-align: justify;\">En ese contexto, la seremi de Gobierno, Valentina Pradenas, destac\u00f3 que \u201cel Pase Cultural es un acto concreto de democratizaci\u00f3n del acceso a la cultura. Desde \u00d1uble, donde el compromiso con la creaci\u00f3n art\u00edstica y la identidad territorial es tan fuerte, valoramos profundamente que esta iniciativa del Gobierno del Presidente Gabriel Boric, ponga en el centro a las personas. Es fundamental que el Estado ampl\u00ede las oportunidades de participaci\u00f3n cultural, sobre todo para quienes han tenido menos acceso por razones econ\u00f3micas o de edad\u201d.<\/p>\n<p style=\"text-align: justify;\">Las personas que cumplan 18 a\u00f1os en 2025 pueden activar su Pase Cultural desde ya, ingresando al sitio web oficial del beneficio\u00a0<a href=\"https:\/\/pasecultural.cl\/\">www.pasecultural.gob.cl.<\/a> En el caso de quienes cumplan 65 a\u00f1os, el beneficio se activa autom\u00e1ticamente al solicitar la Pensi\u00f3n Garantizada Universal (PGU), a trav\u00e9s de Chile Atiende, una AFP o compa\u00f1\u00eda de seguros. El dinero ser\u00e1 depositado en un bolsillo electr\u00f3nico asociado a la Cuenta RUT, a contar de la segunda quincena del mes siguiente a la activaci\u00f3n.<\/p>\n","protected":false},"excerpt":{"rendered":"<p>\u00d1uble, julio 2025: Desde este mes ya est\u00e1 disponible en \u00d1uble el Pase Cultural, una iniciativa del Gobierno que busca ampliar el acceso a la cultura en todo el pa\u00eds, especialmente entre los grupos&#46;&#46;&#46;<\/p>\n","protected":false},"author":2,"featured_media":32787,"comment_status":"closed","ping_status":"closed","sticky":false,"template":"","format":"standard","meta":{"footnotes":""},"categories":[1],"tags":[1115,1678,3342,8,6,117],"class_list":["post-32786","post","type-post","status-publish","format-standard","has-post-thumbnail","hentry","category-noticias","tag-noticias","tag-nuble","tag-pase-cultural","tag-yungay","tag-yungayino","tag-yungayinocl"],"_links":{"self":[{"href":"https:\/\/www.yungayino.cl\/noticias\/index.php?rest_route=\/wp\/v2\/posts\/32786","targetHints":{"allow":["GET"]}}],"collection":[{"href":"https:\/\/www.yungayino.cl\/noticias\/index.php?rest_route=\/wp\/v2\/posts"}],"about":[{"href":"https:\/\/www.yungayino.cl\/noticias\/index.php?rest_route=\/wp\/v2\/types\/post"}],"author":[{"embeddable":true,"href":"https:\/\/www.yungayino.cl\/noticias\/index.php?rest_route=\/wp\/v2\/users\/2"}],"replies":[{"embeddable":true,"href":"https:\/\/www.yungayino.cl\/noticias\/index.php?rest_route=%2Fwp%2Fv2%2Fcomments&post=32786"}],"version-history":[{"count":2,"href":"https:\/\/www.yungayino.cl\/noticias\/index.php?rest_route=\/wp\/v2\/posts\/32786\/revisions"}],"predecessor-version":[{"id":32789,"href":"https:\/\/www.yungayino.cl\/noticias\/index.php?rest_route=\/wp\/v2\/posts\/32786\/revisions\/32789"}],"wp:featuredmedia":[{"embeddable":true,"href":"https:\/\/www.yungayino.cl\/noticias\/index.php?rest_route=\/wp\/v2\/media\/32787"}],"wp:attachment":[{"href":"https:\/\/www.yungayino.cl\/noticias\/index.php?rest_route=%2Fwp%2Fv2%2Fmedia&parent=32786"}],"wp:term":[{"taxonomy":"category","embeddable":true,"href":"https:\/\/www.yungayino.cl\/noticias\/index.php?rest_route=%2Fwp%2Fv2%2Fcategories&post=32786"},{"taxonomy":"post_tag","embeddable":true,"href":"https:\/\/www.yungayino.cl\/noticias\/index.php?rest_route=%2Fwp%2Fv2%2Ftags&post=32786"}],"curies":[{"name":"wp","href":"https:\/\/api.w.org\/{rel}","templated":true}]}}