{"id":32878,"date":"2025-09-02T18:00:26","date_gmt":"2025-09-02T21:00:26","guid":{"rendered":"https:\/\/www.yungayino.cl\/noticias\/?p=32878"},"modified":"2025-09-02T19:20:55","modified_gmt":"2025-09-02T22:20:55","slug":"cet-gendarmeria-yungay-y-el-instituto-forestal-infor-fortalecen-vinculos-de-capacitacion","status":"publish","type":"post","link":"https:\/\/www.yungayino.cl\/noticias\/?p=32878","title":{"rendered":"CET Gendarmer\u00eda Yungay y el Instituto Forestal, INFOR Fortalecen V\u00ednculos de Capacitaci\u00f3n"},"content":{"rendered":"<p><img loading=\"lazy\" decoding=\"async\" class=\"alignnone wp-image-32879 size-full\" src=\"https:\/\/www.yungayino.cl\/noticias\/wp-content\/uploads\/2025\/09\/portada-1.jpg\" alt=\"\" width=\"700\" height=\"350\" srcset=\"https:\/\/www.yungayino.cl\/noticias\/wp-content\/uploads\/2025\/09\/portada-1.jpg 700w, https:\/\/www.yungayino.cl\/noticias\/wp-content\/uploads\/2025\/09\/portada-1-300x150.jpg 300w\" sizes=\"auto, (max-width: 700px) 100vw, 700px\" \/><\/p>\n<p style=\"text-align: justify;\">Yungay, septiembre 2025: En las dependencias del Centro de Educaci\u00f3n y Trabajo CET Yungay de Gendarmer\u00eda de Chile, se llev\u00f3 a cabo una sencilla, pero significativa ceremonia de fortalecimiento entre la Empresa P\u00fablico y Privado, la cual cont\u00f3 con la asistencia del SEREMI de Justicia y DD.HH. de \u00d1uble, Cristopher Reyes, la Coronel Directora Regional de \u00d1uble, Carolina Caama\u00f1o Figueroa, la Gerente de INFOR, Karina Luengo, el Alcalde de Yungay, Rafael Cifuentes, el Capit\u00e1n de CET Gendarmer\u00eda Yungay, Nicol\u00e1s Z\u00fa\u00f1iga ,Concejalas, Funcionarios Municipales, Funcionarios de Gendarmer\u00eda de San Carlos y Yungay.<\/p>\n<p style=\"text-align: justify;\">Se\u00f1alar que esta actividad es el inicio de varias etapas, donde el objetivo es la capacitaci\u00f3n en la reforestaci\u00f3n y plantas nativas en el terreno del CET de Yungay, el cual es liderado por INFOR, quienes se adjudicaron este proyecto gracias al Programa de Fondos del Gobierno Regional, FNDR, donde traspasaran su experiencia de capacitaci\u00f3n al CET mediante el Programa de \u201cTransferencia Flora Mel\u00edfera Para Mejorar el Negocio Ap\u00edcola de la Regi\u00f3n de \u00d1uble\u201d, as\u00ed lo se\u00f1alo al Portal Yungayino.cl, <strong>Karina Luengo<\/strong>, Gerente de INFOR.<\/p>\n<p style=\"text-align: justify;\">Por su parte la Coronel Directora Regional de Gendarmer\u00eda \u00d1uble, <strong>Carolina Caama\u00f1o<\/strong>, se\u00f1alo al Portal Yungayino.cl, \u201cQue hoy estamos fortaleciendo la alianza entre lo p\u00fablico y privado, por otro lado, va de la mano del apoyo a los CET con lo que respecta a la reinserci\u00f3n social para nuestros usuarios que est\u00e1n privado de libertad, y finalmente agradeci\u00f3 el apoyo del INFOR con el Centro de Estudios y Trabajo CET Yungay en estas capacitaciones.<\/p>\n<p style=\"text-align: justify;\">Finalmente, todos los presentes se trasladaron a terreno para ver el avance de las plantaciones, donde tambi\u00e9n se destac\u00f3 el cuidado y protecci\u00f3n del humedal existente en la zona.<\/p>\n<p>&nbsp;<\/p>\n<p>&nbsp;<\/p>\n<p style=\"text-align: center;\"><strong>FOTOGRAF\u00cdAS:<\/strong><\/p>\n<p style=\"text-align: center;\"><iframe loading=\"lazy\" style=\"border: none; overflow: hidden;\" src=\"https:\/\/www.facebook.com\/plugins\/post.php?href=https%3A%2F%2Fwww.facebook.com%2Fyungayino.cl%2Fposts%2Fpfbid0ftA8JWF9j4kYFQ3FLfCXPXETXLDmZD78F5TMXo1D4AizexF76ooptw8J3368fJLcl&amp;show_text=true&amp;width=500\" width=\"500\" height=\"780\" frameborder=\"0\" scrolling=\"no\" allowfullscreen=\"allowfullscreen\"><\/iframe><\/p>\n","protected":false},"excerpt":{"rendered":"<p>Yungay, septiembre 2025: En las dependencias del Centro de Educaci\u00f3n y Trabajo CET Yungay de Gendarmer\u00eda de Chile, se llev\u00f3 a cabo una sencilla, pero significativa ceremonia de fortalecimiento entre la Empresa P\u00fablico y&#46;&#46;&#46;<\/p>\n","protected":false},"author":2,"featured_media":32879,"comment_status":"closed","ping_status":"closed","sticky":false,"template":"","format":"standard","meta":{"footnotes":""},"categories":[1],"tags":[806,361,1115,8,6,117],"class_list":["post-32878","post","type-post","status-publish","format-standard","has-post-thumbnail","hentry","category-noticias","tag-cet","tag-gendarmeria","tag-noticias","tag-yungay","tag-yungayino","tag-yungayinocl"],"_links":{"self":[{"href":"https:\/\/www.yungayino.cl\/noticias\/index.php?rest_route=\/wp\/v2\/posts\/32878","targetHints":{"allow":["GET"]}}],"collection":[{"href":"https:\/\/www.yungayino.cl\/noticias\/index.php?rest_route=\/wp\/v2\/posts"}],"about":[{"href":"https:\/\/www.yungayino.cl\/noticias\/index.php?rest_route=\/wp\/v2\/types\/post"}],"author":[{"embeddable":true,"href":"https:\/\/www.yungayino.cl\/noticias\/index.php?rest_route=\/wp\/v2\/users\/2"}],"replies":[{"embeddable":true,"href":"https:\/\/www.yungayino.cl\/noticias\/index.php?rest_route=%2Fwp%2Fv2%2Fcomments&post=32878"}],"version-history":[{"count":2,"href":"https:\/\/www.yungayino.cl\/noticias\/index.php?rest_route=\/wp\/v2\/posts\/32878\/revisions"}],"predecessor-version":[{"id":32881,"href":"https:\/\/www.yungayino.cl\/noticias\/index.php?rest_route=\/wp\/v2\/posts\/32878\/revisions\/32881"}],"wp:featuredmedia":[{"embeddable":true,"href":"https:\/\/www.yungayino.cl\/noticias\/index.php?rest_route=\/wp\/v2\/media\/32879"}],"wp:attachment":[{"href":"https:\/\/www.yungayino.cl\/noticias\/index.php?rest_route=%2Fwp%2Fv2%2Fmedia&parent=32878"}],"wp:term":[{"taxonomy":"category","embeddable":true,"href":"https:\/\/www.yungayino.cl\/noticias\/index.php?rest_route=%2Fwp%2Fv2%2Fcategories&post=32878"},{"taxonomy":"post_tag","embeddable":true,"href":"https:\/\/www.yungayino.cl\/noticias\/index.php?rest_route=%2Fwp%2Fv2%2Ftags&post=32878"}],"curies":[{"name":"wp","href":"https:\/\/api.w.org\/{rel}","templated":true}]}}