{"id":32882,"date":"2025-09-04T15:00:08","date_gmt":"2025-09-04T18:00:08","guid":{"rendered":"https:\/\/www.yungayino.cl\/noticias\/?p=32882"},"modified":"2025-09-04T17:13:36","modified_gmt":"2025-09-04T20:13:36","slug":"campeonato-comunal-de-cueca-escolar-se-realizo-en-yungay-2","status":"publish","type":"post","link":"https:\/\/www.yungayino.cl\/noticias\/?p=32882","title":{"rendered":"Campeonato Comunal de Cueca Escolar se Realiz\u00f3 en Yungay"},"content":{"rendered":"<p><img loading=\"lazy\" decoding=\"async\" class=\"alignnone wp-image-32883 size-full\" src=\"https:\/\/www.yungayino.cl\/noticias\/wp-content\/uploads\/2025\/09\/portada-2.jpg\" alt=\"\" width=\"700\" height=\"350\" srcset=\"https:\/\/www.yungayino.cl\/noticias\/wp-content\/uploads\/2025\/09\/portada-2.jpg 700w, https:\/\/www.yungayino.cl\/noticias\/wp-content\/uploads\/2025\/09\/portada-2-300x150.jpg 300w\" sizes=\"auto, (max-width: 700px) 100vw, 700px\" \/><\/p>\n<p style=\"text-align: justify;\">Yungay, septiembre 2025: En el sal\u00f3n comunitario multiuso y bajo la organizaci\u00f3n de la Escuela Fernando Baquedano se llev\u00f3 a cabo el \u201cCampeonato Comunal de Cueca Escolar 2025\u201d en Yungay.<\/p>\n<p style=\"text-align: justify;\">Participaron estudiantes de los establecimientos educacionales tanto rural como urbano, quienes apoyaron a sus compa\u00f1eros que deslumbraron en la pista con excelentes pasos y coordinaci\u00f3n bailando nuestro baile nacional.<\/p>\n<p style=\"text-align: justify;\">La actividad fue amenizada por las agrupaciones Brotes del Campo y Candola y la animaci\u00f3n estuvo a cargo de Sra. Marcela Roa.<\/p>\n<p style=\"text-align: justify;\">Las parejas que son representar\u00e1n en la Fase Regional que se llevar\u00e1 a cabo en Pemuco son:<\/p>\n<p style=\"text-align: justify;\">Cueca Lugare\u00f1a: Isidora Valeria Alc\u00e1ntara &#8211; Mart\u00edn Mu\u00f1oz Altamirano de Escuela Pinares<\/p>\n<p style=\"text-align: justify;\">Cueca Ense\u00f1anza b\u00e1sica: Aileen Alegr\u00eda S\u00e1ez \u2013 Rub\u00e9n V\u00e1squez Vilches del Colegio Nueva Esperanza<\/p>\n<p style=\"text-align: justify;\">Cueca Ense\u00f1anza Media: Isidora Jara Rubilar \u2013 Marcelo Sald\u00edas Friz, del Colegio Cholgu\u00e1n<\/p>\n<p>&nbsp;<\/p>\n<p>&nbsp;<\/p>\n<p style=\"text-align: center;\"><strong>FOTOGRAF\u00cdAS:<\/strong><\/p>\n<p style=\"text-align: center;\"><iframe loading=\"lazy\" style=\"border: none; overflow: hidden;\" src=\"https:\/\/www.facebook.com\/plugins\/post.php?href=https%3A%2F%2Fwww.facebook.com%2Fyungayino.cl%2Fposts%2Fpfbid0n94hfg9YDPT3hGoGhqNaUN59J9uKKR6geQ9QbDJGeM9kCt8FszyMYAAwVdaUsJfyl&amp;show_text=true&amp;width=500\" width=\"500\" height=\"726\" frameborder=\"0\" scrolling=\"no\" allowfullscreen=\"allowfullscreen\"><\/iframe><\/p>\n","protected":false},"excerpt":{"rendered":"<p>Yungay, septiembre 2025: En el sal\u00f3n comunitario multiuso y bajo la organizaci\u00f3n de la Escuela Fernando Baquedano se llev\u00f3 a cabo el \u201cCampeonato Comunal de Cueca Escolar 2025\u201d en Yungay. Participaron estudiantes de los&#46;&#46;&#46;<\/p>\n","protected":false},"author":2,"featured_media":32883,"comment_status":"closed","ping_status":"closed","sticky":false,"template":"","format":"standard","meta":{"footnotes":""},"categories":[1493,2571,5,1],"tags":[417,67,3294,1115,8,6,117],"class_list":["post-32882","post","type-post","status-publish","format-standard","has-post-thumbnail","hentry","category-educacion","category-educacion-2","category-eventos","category-noticias","tag-comunal-cueca","tag-cueca","tag-escolar","tag-noticias","tag-yungay","tag-yungayino","tag-yungayinocl"],"_links":{"self":[{"href":"https:\/\/www.yungayino.cl\/noticias\/index.php?rest_route=\/wp\/v2\/posts\/32882","targetHints":{"allow":["GET"]}}],"collection":[{"href":"https:\/\/www.yungayino.cl\/noticias\/index.php?rest_route=\/wp\/v2\/posts"}],"about":[{"href":"https:\/\/www.yungayino.cl\/noticias\/index.php?rest_route=\/wp\/v2\/types\/post"}],"author":[{"embeddable":true,"href":"https:\/\/www.yungayino.cl\/noticias\/index.php?rest_route=\/wp\/v2\/users\/2"}],"replies":[{"embeddable":true,"href":"https:\/\/www.yungayino.cl\/noticias\/index.php?rest_route=%2Fwp%2Fv2%2Fcomments&post=32882"}],"version-history":[{"count":2,"href":"https:\/\/www.yungayino.cl\/noticias\/index.php?rest_route=\/wp\/v2\/posts\/32882\/revisions"}],"predecessor-version":[{"id":32885,"href":"https:\/\/www.yungayino.cl\/noticias\/index.php?rest_route=\/wp\/v2\/posts\/32882\/revisions\/32885"}],"wp:featuredmedia":[{"embeddable":true,"href":"https:\/\/www.yungayino.cl\/noticias\/index.php?rest_route=\/wp\/v2\/media\/32883"}],"wp:attachment":[{"href":"https:\/\/www.yungayino.cl\/noticias\/index.php?rest_route=%2Fwp%2Fv2%2Fmedia&parent=32882"}],"wp:term":[{"taxonomy":"category","embeddable":true,"href":"https:\/\/www.yungayino.cl\/noticias\/index.php?rest_route=%2Fwp%2Fv2%2Fcategories&post=32882"},{"taxonomy":"post_tag","embeddable":true,"href":"https:\/\/www.yungayino.cl\/noticias\/index.php?rest_route=%2Fwp%2Fv2%2Ftags&post=32882"}],"curies":[{"name":"wp","href":"https:\/\/api.w.org\/{rel}","templated":true}]}}