{"id":32890,"date":"2025-09-08T07:00:37","date_gmt":"2025-09-08T10:00:37","guid":{"rendered":"https:\/\/www.yungayino.cl\/noticias\/?p=32890"},"modified":"2025-09-04T23:15:38","modified_gmt":"2025-09-05T02:15:38","slug":"autoridades-de-salud-de-nuble-reforzaron-el-llamado-al-autocuidado-y-prevencion-de-enfermedades-respiratorias-previo-a-fiestas-patrias","status":"publish","type":"post","link":"https:\/\/www.yungayino.cl\/noticias\/?p=32890","title":{"rendered":"Autoridades de salud de \u00d1uble reforzaron el llamado al autocuidado y prevenci\u00f3n de enfermedades respiratorias previo a Fiestas Patrias"},"content":{"rendered":"<p><img loading=\"lazy\" decoding=\"async\" class=\"alignnone wp-image-32891 size-full\" src=\"https:\/\/www.yungayino.cl\/noticias\/wp-content\/uploads\/2025\/09\/Llamado-a-la-Prevencion.jpg\" alt=\"\" width=\"700\" height=\"350\" srcset=\"https:\/\/www.yungayino.cl\/noticias\/wp-content\/uploads\/2025\/09\/Llamado-a-la-Prevencion.jpg 700w, https:\/\/www.yungayino.cl\/noticias\/wp-content\/uploads\/2025\/09\/Llamado-a-la-Prevencion-300x150.jpg 300w\" sizes=\"auto, (max-width: 700px) 100vw, 700px\" \/><\/p>\n<p style=\"text-align: justify;\">\u00d1uble, septiembre 2025: A pocos d\u00edas de que comiencen las celebraciones, la Seremi de Salud y el Servicio de Salud \u00d1uble entregaron diversas recomendaciones para proteger la salud de la poblaci\u00f3n, especialmente ante la circulaci\u00f3n de virus respiratorios existente, y fomentar un buen uso de la red asistencial.<\/p>\n<p style=\"text-align: justify;\">El principal llamado realizado por las autoridades fue a que estas festividades se desarrollen de manera segura. La actual circulaci\u00f3n de virus respiratorios hace necesario reforzar las medidas preventivas, incentivar la inmunizaci\u00f3n y promover el uso adecuado de los dispositivos de salud.<\/p>\n<p style=\"text-align: justify;\">En esta l\u00ednea, el Seremi de Salud (s) de \u00d1uble, Gustavo Rojas Medina, precis\u00f3: \u201cLa comunidad debe tener en cuenta que mantenemos una circulaci\u00f3n de virus importante, siendo los m\u00e1s frecuentes el rinovirus, seguido por el virus respiratorio sincicial. Adem\u00e1s, se ha registrado una mayor presencia de coqueluche, siendo relevante reforzar con la comunidad las medidas de autocuidado\u201d.<\/p>\n<p style=\"text-align: justify;\">\u201cAdem\u00e1s hemos reforzado la prevenci\u00f3n intensificando las fiscalizaciones en f\u00e1bricas y locales de venta de productos c\u00e1rnicos en las 21 comunas, para resguardar la inocuidad alimentaria as\u00ed como tambi\u00e9n una comunicaci\u00f3n directa con los municipios para que nos informen sobre las actividades transitorias que van a realizar durante estas fiestas. El a\u00f1o pasado realizamos un total de 159 fiscalizaciones y tenemos proyectado este a\u00f1o realizar al menos 250, entendiendo que el 2024 se cursaron 18 sumarios y hubo un total de 2.139 kilos de productos, por eso, aunque sea reiterativo es fundamental que los comerciantes y tambi\u00e9n las personas procuren comprar siempre en lugares autorizados\u201d, destac\u00f3 la autoridad sanitaria<\/p>\n<p style=\"text-align: justify;\">Por su parte, la Directora del Servicio de Salud \u00d1uble, Elizabeth Abarca Trivi\u00f1o, expres\u00f3: \u201cSon celebraciones que duran bastantes d\u00edas, por lo que es importante hacer un buen uso de la red asistencial. Nuestros establecimientos est\u00e1n preparados y en condiciones de recibir a las y los usuarios, siendo prioritario el autocuidado. Recordar el uso correcto de las urgencias, partiendo por los dispositivos de atenci\u00f3n primaria como los SAR, SAPU y SUR. Posterior a esto tenemos el siguiente nivel, para patolog\u00edas de mayor complejidad como las urgencias hospitalarias y los servicios de emergencia del Hospital de Chill\u00e1n y San Carlos, que cuentan con mayor nivel de especializaci\u00f3n\u201d.<\/p>\n<p style=\"text-align: justify;\">\u201cEl sistema de salud se ha visto un poco m\u00e1s tensionado de lo normal durante estas fechas debido a la mayor circulaci\u00f3n viral. Por ello, reiteramos la importancia de usar mascarilla ante s\u00edntomas respiratorios y en lugares donde haya personas que son m\u00e1s vulnerables, evitar las aglomeraciones y mantener el lavado de manos. Tambi\u00e9n recordamos que la vacunaci\u00f3n contra la influenza sigue disponible en los centros de salud, y que, en el caso de los lactantes nacidos desde octubre de 2024 y reci\u00e9n nacidos, est\u00e1 vigente la inmunizaci\u00f3n contra el virus sincicial respiratorio sincicial\u201d, a\u00f1adi\u00f3 la directiva.<\/p>\n<p style=\"text-align: justify;\">Es importante recordar que para cualquier consulta o requerimiento, est\u00e1 disponible la l\u00ednea telef\u00f3nica Salud Responde, 600 360 7777, que orientar\u00e1 sobre sintomatolog\u00eda o d\u00f3nde acudir para recibir atenci\u00f3n adecuada.<\/p>\n","protected":false},"excerpt":{"rendered":"<p>\u00d1uble, septiembre 2025: A pocos d\u00edas de que comiencen las celebraciones, la Seremi de Salud y el Servicio de Salud \u00d1uble entregaron diversas recomendaciones para proteger la salud de la poblaci\u00f3n, especialmente ante la&#46;&#46;&#46;<\/p>\n","protected":false},"author":2,"featured_media":32891,"comment_status":"closed","ping_status":"closed","sticky":false,"template":"","format":"standard","meta":{"footnotes":""},"categories":[1,1675,1676],"tags":[1115,1678,65,8,6,117],"class_list":["post-32890","post","type-post","status-publish","format-standard","has-post-thumbnail","hentry","category-noticias","category-saludc","category-salud","tag-noticias","tag-nuble","tag-salud","tag-yungay","tag-yungayino","tag-yungayinocl"],"_links":{"self":[{"href":"https:\/\/www.yungayino.cl\/noticias\/index.php?rest_route=\/wp\/v2\/posts\/32890","targetHints":{"allow":["GET"]}}],"collection":[{"href":"https:\/\/www.yungayino.cl\/noticias\/index.php?rest_route=\/wp\/v2\/posts"}],"about":[{"href":"https:\/\/www.yungayino.cl\/noticias\/index.php?rest_route=\/wp\/v2\/types\/post"}],"author":[{"embeddable":true,"href":"https:\/\/www.yungayino.cl\/noticias\/index.php?rest_route=\/wp\/v2\/users\/2"}],"replies":[{"embeddable":true,"href":"https:\/\/www.yungayino.cl\/noticias\/index.php?rest_route=%2Fwp%2Fv2%2Fcomments&post=32890"}],"version-history":[{"count":1,"href":"https:\/\/www.yungayino.cl\/noticias\/index.php?rest_route=\/wp\/v2\/posts\/32890\/revisions"}],"predecessor-version":[{"id":32892,"href":"https:\/\/www.yungayino.cl\/noticias\/index.php?rest_route=\/wp\/v2\/posts\/32890\/revisions\/32892"}],"wp:featuredmedia":[{"embeddable":true,"href":"https:\/\/www.yungayino.cl\/noticias\/index.php?rest_route=\/wp\/v2\/media\/32891"}],"wp:attachment":[{"href":"https:\/\/www.yungayino.cl\/noticias\/index.php?rest_route=%2Fwp%2Fv2%2Fmedia&parent=32890"}],"wp:term":[{"taxonomy":"category","embeddable":true,"href":"https:\/\/www.yungayino.cl\/noticias\/index.php?rest_route=%2Fwp%2Fv2%2Fcategories&post=32890"},{"taxonomy":"post_tag","embeddable":true,"href":"https:\/\/www.yungayino.cl\/noticias\/index.php?rest_route=%2Fwp%2Fv2%2Ftags&post=32890"}],"curies":[{"name":"wp","href":"https:\/\/api.w.org\/{rel}","templated":true}]}}