{"id":33000,"date":"2025-12-03T07:00:57","date_gmt":"2025-12-03T10:00:57","guid":{"rendered":"https:\/\/www.yungayino.cl\/noticias\/?p=33000"},"modified":"2025-11-24T21:33:02","modified_gmt":"2025-11-25T00:33:02","slug":"autoridades-anuncian-cuarto-llamado-para-postular-al-subsidio-electrico-e-invitan-a-las-familias-a-inscribirse","status":"publish","type":"post","link":"https:\/\/www.yungayino.cl\/noticias\/?p=33000","title":{"rendered":"Autoridades anuncian cuarto llamado para postular al Subsidio El\u00e9ctrico e invitan a las familias a inscribirse"},"content":{"rendered":"<p><img loading=\"lazy\" decoding=\"async\" class=\"alignnone wp-image-33001 size-full\" src=\"https:\/\/www.yungayino.cl\/noticias\/wp-content\/uploads\/2025\/11\/191125-SUBSIDIO-ELECTRICO-4.heic.jpg\" alt=\"\" width=\"700\" height=\"875\" srcset=\"https:\/\/www.yungayino.cl\/noticias\/wp-content\/uploads\/2025\/11\/191125-SUBSIDIO-ELECTRICO-4.heic.jpg 700w, https:\/\/www.yungayino.cl\/noticias\/wp-content\/uploads\/2025\/11\/191125-SUBSIDIO-ELECTRICO-4.heic-240x300.jpg 240w\" sizes=\"auto, (max-width: 700px) 100vw, 700px\" \/><\/p>\n<p style=\"text-align: justify;\">Noviembre 2025: El plazo de postulaci\u00f3n comienza este 25 de noviembre y finaliza el 5 de diciembre. En tanto los resultados estar\u00e1n disponibles en febrero de 2026.<\/p>\n<p style=\"text-align: justify;\">El Gobierno anunci\u00f3 la apertura del cuarto llamado para postular al Subsidio El\u00e9ctrico, un beneficio destinado a reducir el costo de las cuentas de luz en los hogares m\u00e1s vulnerables del pa\u00eds. La convocatoria permanecer\u00e1 abierta durante los pr\u00f3ximos d\u00edas a trav\u00e9s del sitio\u00a0<a href=\"http:\/\/www.subsidioelectrico.cl\/\">www.subsidioelectrico.cl<\/a>, donde las familias podr\u00e1n ingresar con su Clave\u00danica y completar la solicitud.<\/p>\n<p style=\"text-align: justify;\">Este nuevo proceso busca ampliar la cobertura del beneficio e incorporar a miles de hogares que a\u00fan no han postulado en llamados anteriores. Desde la regi\u00f3n, la seremi de Gobierno, Valentina Pradenas, destac\u00f3 que esta iniciativa reafirma el compromiso del Ejecutivo con la protecci\u00f3n social y la continuidad del trabajo territorial.<\/p>\n<p style=\"text-align: justify;\">\u201cComo Gobierno seguimos trabajando para que las ayudas lleguen donde se necesitan. Invitamos especialmente a las familias que a\u00fan no han postulado a que lo hagan en este cuarto llamado. Este subsidio representa un alivio directo en el presupuesto de los hogares y queremos que nadie quede fuera por no realizar el tr\u00e1mite a tiempo\u201d, se\u00f1al\u00f3 la vocera regional.<\/p>\n<p style=\"text-align: justify;\">El subsidio entrega un descuento en la boleta por un periodo semestral, con montos que var\u00edan seg\u00fan el n\u00famero de integrantes del hogar. El beneficio est\u00e1 dirigido prioritariamente a familias dentro del 40% m\u00e1s vulnerable del Registro Social de Hogares (RSH) y tambi\u00e9n contempla a personas electrodependientes, sin distinci\u00f3n de su tramo socioecon\u00f3mico.<\/p>\n<p style=\"text-align: justify;\">Desde la Seremi de Energ\u00eda, su titular Dennis Rivas, enfatiz\u00f3 la importancia del proceso y explic\u00f3 aspectos t\u00e9cnicos del beneficio, subrayando que el Ministerio contin\u00faa trabajando para ampliar su cobertura y mejorar la experiencia de postulaci\u00f3n. Asimismo, destac\u00f3 que \u00d1uble es la regi\u00f3n con mayor cobertura a nivel nacional.<\/p>\n<p style=\"text-align: justify;\">\u201cEste llamado es clave porque a\u00fan existen miles de familias que cumplen los requisitos y no han postulado. Invitamos a quienes todav\u00eda no lo han hecho a acercarse a las oficinas de ChileAtiende o a las dependencias de Energ\u00eda \u00d1uble, ubicadas en Arauco 878, Chill\u00e1n, donde podr\u00e1n realizar la postulaci\u00f3n a este importante alivio en sus cuentas de electricidad, el cual comenzar\u00e1 a reflejarse desde marzo de 2026. Es importante subrayar que quienes ya son beneficiarios no deben postular nuevamente\u201d, enfatiz\u00f3 Rivas.<\/p>\n<p style=\"text-align: justify;\">La autoridad, adem\u00e1s, record\u00f3 que los resultados del proceso estar\u00e1n disponibles en las plataformas oficiales y que las personas podr\u00e1n apelar en caso de no resultar beneficiadas, siempre que cumplan con los requisitos establecidos por ley.<\/p>\n","protected":false},"excerpt":{"rendered":"<p>Noviembre 2025: El plazo de postulaci\u00f3n comienza este 25 de noviembre y finaliza el 5 de diciembre. En tanto los resultados estar\u00e1n disponibles en febrero de 2026. El Gobierno anunci\u00f3 la apertura del cuarto&#46;&#46;&#46;<\/p>\n","protected":false},"author":2,"featured_media":33001,"comment_status":"closed","ping_status":"closed","sticky":false,"template":"","format":"standard","meta":{"footnotes":""},"categories":[1],"tags":[1115,1678,3188,8,6,117],"class_list":["post-33000","post","type-post","status-publish","format-standard","has-post-thumbnail","hentry","category-noticias","tag-noticias","tag-nuble","tag-subsidio-electrico","tag-yungay","tag-yungayino","tag-yungayinocl"],"_links":{"self":[{"href":"https:\/\/www.yungayino.cl\/noticias\/index.php?rest_route=\/wp\/v2\/posts\/33000","targetHints":{"allow":["GET"]}}],"collection":[{"href":"https:\/\/www.yungayino.cl\/noticias\/index.php?rest_route=\/wp\/v2\/posts"}],"about":[{"href":"https:\/\/www.yungayino.cl\/noticias\/index.php?rest_route=\/wp\/v2\/types\/post"}],"author":[{"embeddable":true,"href":"https:\/\/www.yungayino.cl\/noticias\/index.php?rest_route=\/wp\/v2\/users\/2"}],"replies":[{"embeddable":true,"href":"https:\/\/www.yungayino.cl\/noticias\/index.php?rest_route=%2Fwp%2Fv2%2Fcomments&post=33000"}],"version-history":[{"count":3,"href":"https:\/\/www.yungayino.cl\/noticias\/index.php?rest_route=\/wp\/v2\/posts\/33000\/revisions"}],"predecessor-version":[{"id":33004,"href":"https:\/\/www.yungayino.cl\/noticias\/index.php?rest_route=\/wp\/v2\/posts\/33000\/revisions\/33004"}],"wp:featuredmedia":[{"embeddable":true,"href":"https:\/\/www.yungayino.cl\/noticias\/index.php?rest_route=\/wp\/v2\/media\/33001"}],"wp:attachment":[{"href":"https:\/\/www.yungayino.cl\/noticias\/index.php?rest_route=%2Fwp%2Fv2%2Fmedia&parent=33000"}],"wp:term":[{"taxonomy":"category","embeddable":true,"href":"https:\/\/www.yungayino.cl\/noticias\/index.php?rest_route=%2Fwp%2Fv2%2Fcategories&post=33000"},{"taxonomy":"post_tag","embeddable":true,"href":"https:\/\/www.yungayino.cl\/noticias\/index.php?rest_route=%2Fwp%2Fv2%2Ftags&post=33000"}],"curies":[{"name":"wp","href":"https:\/\/api.w.org\/{rel}","templated":true}]}}