{"id":33011,"date":"2025-12-01T11:11:54","date_gmt":"2025-12-01T14:11:54","guid":{"rendered":"https:\/\/www.yungayino.cl\/noticias\/?p=33011"},"modified":"2025-12-04T14:40:00","modified_gmt":"2025-12-04T17:40:00","slug":"internos-de-penales-de-nuble-rinden-la-paes-2025-en-proceso-marcado-por-la-reinsercion-y-la-igualdad-de-oportunidades","status":"publish","type":"post","link":"https:\/\/www.yungayino.cl\/noticias\/?p=33011","title":{"rendered":"Internos de penales de \u00d1uble rinden la PAES 2025 en proceso marcado por la reinserci\u00f3n y la igualdad de oportunidades"},"content":{"rendered":"<p><img loading=\"lazy\" decoding=\"async\" class=\"alignnone wp-image-33012 size-full\" src=\"https:\/\/www.yungayino.cl\/noticias\/wp-content\/uploads\/2025\/12\/paes-1.jpg\" alt=\"\" width=\"700\" height=\"350\" srcset=\"https:\/\/www.yungayino.cl\/noticias\/wp-content\/uploads\/2025\/12\/paes-1.jpg 700w, https:\/\/www.yungayino.cl\/noticias\/wp-content\/uploads\/2025\/12\/paes-1-300x150.jpg 300w\" sizes=\"auto, (max-width: 700px) 100vw, 700px\" \/><\/p>\n<p style=\"text-align: justify;\">\u00d1uble, diciembre 2025: En un ambiente de orden, resguardo y alto compromiso, personas privadas de libertad de distintos recintos penitenciarios de la regi\u00f3n de \u00d1uble se encuentran rindiendo la Prueba de Acceso a la Educaci\u00f3n Superior (PAES) 2025, instancia que cada a\u00f1o abre una oportunidad concreta para avanzar en los procesos de reinserci\u00f3n social a trav\u00e9s de la educaci\u00f3n.<\/p>\n<p style=\"text-align: justify;\">La rendici\u00f3n del examen se est\u00e1 desarrollando en los Centros de Cumplimiento Penitenciario de Chill\u00e1n, Centro Penitenciario Femenino de Bulnes y en los Centros de Detenci\u00f3n Preventiva de San Carlos, Quirihue y Yungay, donde se habilitaron salas especialmente acondicionadas bajo los mismos est\u00e1ndares exigidos para los establecimientos externos.<\/p>\n<p style=\"text-align: justify;\">En total, son 42 internos que participan del proceso, principalmente estudiantes de los programas educativos que se imparten al interior de las unidades a trav\u00e9s de las escuelas penales. La coordinaci\u00f3n log\u00edstica estuvo a cargo de Gendarmer\u00eda, en conjunto con el DEMRE y los equipos docentes de cada recinto, quienes garantizan el normal desarrollo de las pruebas de Competencia Lectora, Competencia Matem\u00e1tica y Electivas.<\/p>\n<p style=\"text-align: justify;\">La Directora Regional de Gendarmer\u00eda, coronel Carolina Caama\u00f1o Figueroa destac\u00f3 que este tipo de instancias constituye \u201cun paso fundamental para fortalecer las oportunidades de reinserci\u00f3n, con herramientas concretas para romper el c\u00edrculo de la delincuencia y reinsertarse positivamente en la sociedad una vez que cumplan sus condenas\u201d, subrayando el compromiso demostrado por los internos durante su preparaci\u00f3n y al momento de rendir las evaluaciones.<\/p>\n<p style=\"text-align: justify;\">La autoridad penitenciaria agreg\u00f3 que \u201ccontinuaremos impulsando y apoyando los programas acad\u00e9micos y de capacitaci\u00f3n para fortalecer las trayectorias educativas dentro de los recintos penales\u201d.<\/p>\n<p>&nbsp;<\/p>\n<p><img loading=\"lazy\" decoding=\"async\" class=\"alignnone wp-image-33013 size-full\" src=\"https:\/\/www.yungayino.cl\/noticias\/wp-content\/uploads\/2025\/12\/paes-2.jpg\" alt=\"\" width=\"700\" height=\"468\" srcset=\"https:\/\/www.yungayino.cl\/noticias\/wp-content\/uploads\/2025\/12\/paes-2.jpg 700w, https:\/\/www.yungayino.cl\/noticias\/wp-content\/uploads\/2025\/12\/paes-2-300x201.jpg 300w\" sizes=\"auto, (max-width: 700px) 100vw, 700px\" \/><\/p>\n","protected":false},"excerpt":{"rendered":"<p>\u00d1uble, diciembre 2025: En un ambiente de orden, resguardo y alto compromiso, personas privadas de libertad de distintos recintos penitenciarios de la regi\u00f3n de \u00d1uble se encuentran rindiendo la Prueba de Acceso a la&#46;&#46;&#46;<\/p>\n","protected":false},"author":2,"featured_media":33012,"comment_status":"closed","ping_status":"closed","sticky":false,"template":"","format":"standard","meta":{"footnotes":""},"categories":[1493,2571,1],"tags":[366,1115,2561,8,6,117],"class_list":["post-33011","post","type-post","status-publish","format-standard","has-post-thumbnail","hentry","category-educacion","category-educacion-2","category-noticias","tag-educacion","tag-noticias","tag-paes","tag-yungay","tag-yungayino","tag-yungayinocl"],"_links":{"self":[{"href":"https:\/\/www.yungayino.cl\/noticias\/index.php?rest_route=\/wp\/v2\/posts\/33011","targetHints":{"allow":["GET"]}}],"collection":[{"href":"https:\/\/www.yungayino.cl\/noticias\/index.php?rest_route=\/wp\/v2\/posts"}],"about":[{"href":"https:\/\/www.yungayino.cl\/noticias\/index.php?rest_route=\/wp\/v2\/types\/post"}],"author":[{"embeddable":true,"href":"https:\/\/www.yungayino.cl\/noticias\/index.php?rest_route=\/wp\/v2\/users\/2"}],"replies":[{"embeddable":true,"href":"https:\/\/www.yungayino.cl\/noticias\/index.php?rest_route=%2Fwp%2Fv2%2Fcomments&post=33011"}],"version-history":[{"count":2,"href":"https:\/\/www.yungayino.cl\/noticias\/index.php?rest_route=\/wp\/v2\/posts\/33011\/revisions"}],"predecessor-version":[{"id":33015,"href":"https:\/\/www.yungayino.cl\/noticias\/index.php?rest_route=\/wp\/v2\/posts\/33011\/revisions\/33015"}],"wp:featuredmedia":[{"embeddable":true,"href":"https:\/\/www.yungayino.cl\/noticias\/index.php?rest_route=\/wp\/v2\/media\/33012"}],"wp:attachment":[{"href":"https:\/\/www.yungayino.cl\/noticias\/index.php?rest_route=%2Fwp%2Fv2%2Fmedia&parent=33011"}],"wp:term":[{"taxonomy":"category","embeddable":true,"href":"https:\/\/www.yungayino.cl\/noticias\/index.php?rest_route=%2Fwp%2Fv2%2Fcategories&post=33011"},{"taxonomy":"post_tag","embeddable":true,"href":"https:\/\/www.yungayino.cl\/noticias\/index.php?rest_route=%2Fwp%2Fv2%2Ftags&post=33011"}],"curies":[{"name":"wp","href":"https:\/\/api.w.org\/{rel}","templated":true}]}}