{"id":33016,"date":"2025-12-11T07:00:33","date_gmt":"2025-12-11T10:00:33","guid":{"rendered":"https:\/\/www.yungayino.cl\/noticias\/?p=33016"},"modified":"2025-12-04T19:56:40","modified_gmt":"2025-12-04T22:56:40","slug":"casa-de-acogida-del-servicio-de-salud-nuble-cumplio-su-primer-ano-de-funcionamiento-beneficiando-a-160-personas","status":"publish","type":"post","link":"https:\/\/www.yungayino.cl\/noticias\/?p=33016","title":{"rendered":"Casa de Acogida del Servicio de Salud \u00d1uble cumpli\u00f3 su primer a\u00f1o de funcionamiento beneficiando a 160 personas"},"content":{"rendered":"<p><img loading=\"lazy\" decoding=\"async\" class=\"alignnone wp-image-33017 size-full\" src=\"https:\/\/www.yungayino.cl\/noticias\/wp-content\/uploads\/2025\/12\/Casa-de-Acogida-1.jpg\" alt=\"\" width=\"700\" height=\"350\" srcset=\"https:\/\/www.yungayino.cl\/noticias\/wp-content\/uploads\/2025\/12\/Casa-de-Acogida-1.jpg 700w, https:\/\/www.yungayino.cl\/noticias\/wp-content\/uploads\/2025\/12\/Casa-de-Acogida-1-300x150.jpg 300w\" sizes=\"auto, (max-width: 700px) 100vw, 700px\" \/><\/p>\n<p style=\"text-align: justify;\">\u00d1uble, diciembre 2025: A 12 meses de su puesta en marcha, el dispositivo financiado por el Gobierno Regional y administrado por el SS\u00d1, ha brindado prestaciones principalmente a pacientes oncol\u00f3gicos y de usuarios pedi\u00e1tricos Ley Mila y provenientes de comunas rurales y localidades distantes como Pemuco y San Fabi\u00e1n.<\/p>\n<p style=\"text-align: justify;\">La primera Casa de Acogida para pacientes de la Regi\u00f3n de \u00d1uble cumpli\u00f3 su primer a\u00f1o de funcionamiento, consolid\u00e1ndose como un espacio esencial para garantizar el acceso a la salud, la continuidad de los tratamientos y el acompa\u00f1amiento familiar durante procedimientos en el Hospital de Chill\u00e1n.<\/p>\n<p style=\"text-align: justify;\">Este dispositivo, es el resultado del convenio entre el Servicio de Salud \u00d1uble y el Gobierno Regional, que permiti\u00f3 habilitar un recinto equipado para entregar estad\u00eda temporal sin costo a personas que deben trasladarse a la capital regional y que, por distintas dificultades econ\u00f3micas, log\u00edsticas y geogr\u00e1ficas, requieren hospedarse en la ciudad para continuar con sus tratamientos o atenciones m\u00e9dicas.<\/p>\n<p style=\"text-align: justify;\">La emblem\u00e1tica iniciativa ha sido fundamental para apoyar a usuarios de sectores m\u00e1s apartados de \u00d1uble, as\u00ed lo destac\u00f3 el Gobernador \u00d3scar Cris\u00f3stomo Llanos, quien indic\u00f3: \u201cCuando apoyamos proyectos como este, estamos derribando barreras y acercando la salud a todos los rincones de \u00d1uble. La Casa de Acogida garantiza que ning\u00fan paciente interrumpa su tratamiento por motivos econ\u00f3micos o de distancia. Ese es nuestro compromiso: impulsar iniciativas que cambian la vida de las personas y que fortalecen la equidad en salud en nuestra regi\u00f3n\u201d.<\/p>\n<p style=\"text-align: justify;\">Por su parte, la Directora del Servicio de Salud \u00d1uble, Elizabeth Abarca Trivi\u00f1o, enfatiz\u00f3 el compromiso de la red: \u201cDesde diciembre de 2024 a noviembre de 2025, la Casa de Acogida ha brindado apoyo a 160 pacientes, siendo las patolog\u00edas m\u00e1s frecuentes: Tratamientos y procedimientos oncol\u00f3gicos y acompa\u00f1amiento pedi\u00e1trico por Ley Mila. Las localidades con mayor presencia de usuarios han sido Pemuco y San Fabi\u00e1n, reflejando la importancia de contar con un espacio de hospedaje para familias que enfrentan mayores barreras geogr\u00e1ficas, econ\u00f3micas o log\u00edsticas para acceder a la red asistencial. Hemos visto c\u00f3mo el promedio de estad\u00eda ha sido de 3 a 4 d\u00edas, cifra que evidencia su aporte en periodos de tratamientos continuos o citas programadas en el Hospital Cl\u00ednico Herminda Mart\u00edn\u201d.<\/p>\n<p style=\"text-align: justify;\">\u201cRecordemos que esta iniciativa naci\u00f3 de entre los propios requerimientos de la comunidad y hoy ya es una realidad que se consolida y que esperamos poder ampliar a otra comuna de nuestra Regi\u00f3n\u201d.<\/p>\n<p style=\"text-align: justify;\">Espacio completamente acondicionado<\/p>\n<p style=\"text-align: justify;\">El espacio cuenta con 4 habitaciones equipadas, 3 ba\u00f1os, calefacci\u00f3n, cocina, televisi\u00f3n, internet y otros servicios, pensados para entregar una estancia c\u00f3moda, segura y simult\u00e1nea a 14 usuarios y sus acompa\u00f1antes.<\/p>\n<p style=\"text-align: justify;\">Por otro lado, es importante destacar que para acceder a este beneficio las personas interesadas deben comunicarse con cualquier funcionario de su establecimiento de salud o consultar directamente con el Hospital Cl\u00ednico Herminda Mart\u00edn, quienes entregar\u00e1n la informaci\u00f3n correspondiente para resolver dudas y facilitar el ingreso al recinto, o bien, contactarse al +56 9 5333 5929 para m\u00e1s informaci\u00f3n.<\/p>\n<p style=\"text-align: justify;\">A un a\u00f1o de su apertura, la Casa de Acogida se ha consolidado como un anhelo cumplido para \u00d1uble, permitiendo disminuir las brechas territoriales, apoyar emocional y econ\u00f3micamente a las familias y fortalecer el derecho a una atenci\u00f3n de salud oportuna y continua.<\/p>\n<p>&nbsp;<\/p>\n<p><img loading=\"lazy\" decoding=\"async\" class=\"alignnone wp-image-33018 size-full\" src=\"https:\/\/www.yungayino.cl\/noticias\/wp-content\/uploads\/2025\/12\/Casa-de-Acogida-2.jpg\" alt=\"\" width=\"700\" height=\"467\" srcset=\"https:\/\/www.yungayino.cl\/noticias\/wp-content\/uploads\/2025\/12\/Casa-de-Acogida-2.jpg 700w, https:\/\/www.yungayino.cl\/noticias\/wp-content\/uploads\/2025\/12\/Casa-de-Acogida-2-300x200.jpg 300w\" sizes=\"auto, (max-width: 700px) 100vw, 700px\" \/><\/p>\n<p><img loading=\"lazy\" decoding=\"async\" class=\"alignnone wp-image-33019 size-full\" src=\"https:\/\/www.yungayino.cl\/noticias\/wp-content\/uploads\/2025\/12\/Casa-de-Acogida-3.jpg\" alt=\"\" width=\"700\" height=\"467\" srcset=\"https:\/\/www.yungayino.cl\/noticias\/wp-content\/uploads\/2025\/12\/Casa-de-Acogida-3.jpg 700w, https:\/\/www.yungayino.cl\/noticias\/wp-content\/uploads\/2025\/12\/Casa-de-Acogida-3-300x200.jpg 300w\" sizes=\"auto, (max-width: 700px) 100vw, 700px\" \/><\/p>\n","protected":false},"excerpt":{"rendered":"<p>\u00d1uble, diciembre 2025: A 12 meses de su puesta en marcha, el dispositivo financiado por el Gobierno Regional y administrado por el SS\u00d1, ha brindado prestaciones principalmente a pacientes oncol\u00f3gicos y de usuarios pedi\u00e1tricos&#46;&#46;&#46;<\/p>\n","protected":false},"author":2,"featured_media":33017,"comment_status":"closed","ping_status":"closed","sticky":false,"template":"","format":"standard","meta":{"footnotes":""},"categories":[1,32],"tags":[2824,728,1115,1678,8,6,117],"class_list":["post-33016","post","type-post","status-publish","format-standard","has-post-thumbnail","hentry","category-noticias","category-servicios","tag-casa-acogida","tag-chillan","tag-noticias","tag-nuble","tag-yungay","tag-yungayino","tag-yungayinocl"],"_links":{"self":[{"href":"https:\/\/www.yungayino.cl\/noticias\/index.php?rest_route=\/wp\/v2\/posts\/33016","targetHints":{"allow":["GET"]}}],"collection":[{"href":"https:\/\/www.yungayino.cl\/noticias\/index.php?rest_route=\/wp\/v2\/posts"}],"about":[{"href":"https:\/\/www.yungayino.cl\/noticias\/index.php?rest_route=\/wp\/v2\/types\/post"}],"author":[{"embeddable":true,"href":"https:\/\/www.yungayino.cl\/noticias\/index.php?rest_route=\/wp\/v2\/users\/2"}],"replies":[{"embeddable":true,"href":"https:\/\/www.yungayino.cl\/noticias\/index.php?rest_route=%2Fwp%2Fv2%2Fcomments&post=33016"}],"version-history":[{"count":3,"href":"https:\/\/www.yungayino.cl\/noticias\/index.php?rest_route=\/wp\/v2\/posts\/33016\/revisions"}],"predecessor-version":[{"id":33022,"href":"https:\/\/www.yungayino.cl\/noticias\/index.php?rest_route=\/wp\/v2\/posts\/33016\/revisions\/33022"}],"wp:featuredmedia":[{"embeddable":true,"href":"https:\/\/www.yungayino.cl\/noticias\/index.php?rest_route=\/wp\/v2\/media\/33017"}],"wp:attachment":[{"href":"https:\/\/www.yungayino.cl\/noticias\/index.php?rest_route=%2Fwp%2Fv2%2Fmedia&parent=33016"}],"wp:term":[{"taxonomy":"category","embeddable":true,"href":"https:\/\/www.yungayino.cl\/noticias\/index.php?rest_route=%2Fwp%2Fv2%2Fcategories&post=33016"},{"taxonomy":"post_tag","embeddable":true,"href":"https:\/\/www.yungayino.cl\/noticias\/index.php?rest_route=%2Fwp%2Fv2%2Ftags&post=33016"}],"curies":[{"name":"wp","href":"https:\/\/api.w.org\/{rel}","templated":true}]}}