{"id":33023,"date":"2025-12-09T07:00:12","date_gmt":"2025-12-09T10:00:12","guid":{"rendered":"https:\/\/www.yungayino.cl\/noticias\/?p=33023"},"modified":"2025-12-04T19:25:38","modified_gmt":"2025-12-04T22:25:38","slug":"concierto-de-navidad-orquesta-sinfonica-de-nuble-se-presentara-en-yungay","status":"publish","type":"post","link":"https:\/\/www.yungayino.cl\/noticias\/?p=33023","title":{"rendered":"\u201cConcierto de Navidad\u201d Orquesta Sinf\u00f3nica de \u00d1uble se presentar\u00e1 en Yungay"},"content":{"rendered":"<p><img loading=\"lazy\" decoding=\"async\" class=\"alignnone wp-image-33024 size-full\" src=\"https:\/\/www.yungayino.cl\/noticias\/wp-content\/uploads\/2025\/12\/orquesta-1.jpg\" alt=\"\" width=\"700\" height=\"350\" srcset=\"https:\/\/www.yungayino.cl\/noticias\/wp-content\/uploads\/2025\/12\/orquesta-1.jpg 700w, https:\/\/www.yungayino.cl\/noticias\/wp-content\/uploads\/2025\/12\/orquesta-1-300x150.jpg 300w\" sizes=\"auto, (max-width: 700px) 100vw, 700px\" \/><\/p>\n<p style=\"text-align: justify;\">Yungay, diciembre 2025: El elenco regional invita a la comunidad de Yungay y sus alrededores a disfrutar de este evento gratuito, en el que m\u00e1s de 40 m\u00fasicos, dirigidos por el maestro italiano Emmanuele Baldini, ofrecer\u00e1n un repertorio festivo que combinar\u00e1 obras cl\u00e1sicas europeas con piezas populares italianas, latinoamericanas y chilenas.<\/p>\n<p style=\"text-align: justify;\">La presentaci\u00f3n se realizar\u00e1 el viernes 12 de diciembre a las 21:00 horas en la Plaza Iquique de Yungay<\/p>\n<p style=\"text-align: justify;\">La Orquesta Sinf\u00f3nica de \u00d1uble despedir\u00e1 el a\u00f1o 2025 con un Concierto de Navidad que tendr\u00e1 a la \u00f3pera como gran protagonista.<\/p>\n<p style=\"text-align: justify;\">El concierto contar\u00e1 con la presencia del tenor chillanejo Vicente Mu\u00f1oz, quien regresa a la regi\u00f3n desde Italia, donde se encuentra finalizando sus estudios de canto l\u00edrico.<\/p>\n<p style=\"text-align: justify;\">Seg\u00fan Baldini, ser\u00e1 un programa \u201cmuy variado\u201d, de car\u00e1cter ligero y \u201cmuy placentero\u201d, que incluir\u00e1 m\u00fasica navide\u00f1a, oberturas de \u00f3peras reconocidas y una obra de la compositora e instrumentista Fanny Mendelssohn, la que \u2014destaca el director\u2014 aportar\u00e1 \u201cun toque femenino\u201d al concierto.<\/p>\n<p style=\"text-align: justify;\">Baldini detalla adem\u00e1s que la participaci\u00f3n de Vicente Mu\u00f1oz se desarrollar\u00e1 en tres secciones para mostrar su versatilidad:<\/p>\n<ul style=\"text-align: justify;\">\n<li>Un bloque internacional.<\/li>\n<li>Un bloque italiano, que refleja la influencia de ese pa\u00eds en su formaci\u00f3n,<\/li>\n<li>Y un bloque latinoamericano, con especial \u00e9nfasis en Chile y \u00d1uble.<\/li>\n<\/ul>\n<p style=\"text-align: justify;\">Vicente Mu\u00f1oz, ya instalado en \u00d1uble, comenta que es un honor cantar por primera vez junto a la Orquesta Sinf\u00f3nica de \u00d1uble. Afirma que ser\u00e1 \u201cun momento de paz y felicidad\u201d, pues se trata de un concierto cercano al p\u00fablico, \u201cpensado para todos, desde quienes saben poco de m\u00fasica hasta los m\u00e1s entendidos\u201d.<\/p>\n<p style=\"text-align: justify;\">El Concierto de Navidad se realizar\u00e1 en la recientemente remodelada Plaza Iquique de Yungay, un escenario ideal para esta celebraci\u00f3n musical que anticipa el ambiente navide\u00f1o en la comuna. \u201cLa idea \u2014a\u00f1ade Baldini\u2014 es terminar el a\u00f1o con serenidad, como todos lo merecemos\u201d.<\/p>\n<p>&nbsp;<\/p>\n<p><img loading=\"lazy\" decoding=\"async\" class=\"alignnone wp-image-33027 size-full\" src=\"https:\/\/www.yungayino.cl\/noticias\/wp-content\/uploads\/2025\/12\/orquesta-4.jpg\" alt=\"\" width=\"700\" height=\"467\" srcset=\"https:\/\/www.yungayino.cl\/noticias\/wp-content\/uploads\/2025\/12\/orquesta-4.jpg 700w, https:\/\/www.yungayino.cl\/noticias\/wp-content\/uploads\/2025\/12\/orquesta-4-300x200.jpg 300w\" sizes=\"auto, (max-width: 700px) 100vw, 700px\" \/><\/p>\n<p><img loading=\"lazy\" decoding=\"async\" class=\"alignnone wp-image-33026 size-full\" src=\"https:\/\/www.yungayino.cl\/noticias\/wp-content\/uploads\/2025\/12\/orquesta-3.jpg\" alt=\"\" width=\"700\" height=\"467\" srcset=\"https:\/\/www.yungayino.cl\/noticias\/wp-content\/uploads\/2025\/12\/orquesta-3.jpg 700w, https:\/\/www.yungayino.cl\/noticias\/wp-content\/uploads\/2025\/12\/orquesta-3-300x200.jpg 300w\" sizes=\"auto, (max-width: 700px) 100vw, 700px\" \/><\/p>\n<p><img loading=\"lazy\" decoding=\"async\" class=\"alignnone wp-image-33025 size-full\" src=\"https:\/\/www.yungayino.cl\/noticias\/wp-content\/uploads\/2025\/12\/orquesta-2.jpg\" alt=\"\" width=\"700\" height=\"467\" srcset=\"https:\/\/www.yungayino.cl\/noticias\/wp-content\/uploads\/2025\/12\/orquesta-2.jpg 700w, https:\/\/www.yungayino.cl\/noticias\/wp-content\/uploads\/2025\/12\/orquesta-2-300x200.jpg 300w\" sizes=\"auto, (max-width: 700px) 100vw, 700px\" \/><\/p>\n","protected":false},"excerpt":{"rendered":"<p>Yungay, diciembre 2025: El elenco regional invita a la comunidad de Yungay y sus alrededores a disfrutar de este evento gratuito, en el que m\u00e1s de 40 m\u00fasicos, dirigidos por el maestro italiano Emmanuele&#46;&#46;&#46;<\/p>\n","protected":false},"author":2,"featured_media":33024,"comment_status":"closed","ping_status":"closed","sticky":false,"template":"","format":"standard","meta":{"footnotes":""},"categories":[5,1],"tags":[3358,1115,1219,8,6,117],"class_list":["post-33023","post","type-post","status-publish","format-standard","has-post-thumbnail","hentry","category-eventos","category-noticias","tag-concierto-de-navidad","tag-noticias","tag-orquesta-sinfonica","tag-yungay","tag-yungayino","tag-yungayinocl"],"_links":{"self":[{"href":"https:\/\/www.yungayino.cl\/noticias\/index.php?rest_route=\/wp\/v2\/posts\/33023","targetHints":{"allow":["GET"]}}],"collection":[{"href":"https:\/\/www.yungayino.cl\/noticias\/index.php?rest_route=\/wp\/v2\/posts"}],"about":[{"href":"https:\/\/www.yungayino.cl\/noticias\/index.php?rest_route=\/wp\/v2\/types\/post"}],"author":[{"embeddable":true,"href":"https:\/\/www.yungayino.cl\/noticias\/index.php?rest_route=\/wp\/v2\/users\/2"}],"replies":[{"embeddable":true,"href":"https:\/\/www.yungayino.cl\/noticias\/index.php?rest_route=%2Fwp%2Fv2%2Fcomments&post=33023"}],"version-history":[{"count":1,"href":"https:\/\/www.yungayino.cl\/noticias\/index.php?rest_route=\/wp\/v2\/posts\/33023\/revisions"}],"predecessor-version":[{"id":33028,"href":"https:\/\/www.yungayino.cl\/noticias\/index.php?rest_route=\/wp\/v2\/posts\/33023\/revisions\/33028"}],"wp:featuredmedia":[{"embeddable":true,"href":"https:\/\/www.yungayino.cl\/noticias\/index.php?rest_route=\/wp\/v2\/media\/33024"}],"wp:attachment":[{"href":"https:\/\/www.yungayino.cl\/noticias\/index.php?rest_route=%2Fwp%2Fv2%2Fmedia&parent=33023"}],"wp:term":[{"taxonomy":"category","embeddable":true,"href":"https:\/\/www.yungayino.cl\/noticias\/index.php?rest_route=%2Fwp%2Fv2%2Fcategories&post=33023"},{"taxonomy":"post_tag","embeddable":true,"href":"https:\/\/www.yungayino.cl\/noticias\/index.php?rest_route=%2Fwp%2Fv2%2Ftags&post=33023"}],"curies":[{"name":"wp","href":"https:\/\/api.w.org\/{rel}","templated":true}]}}