{"id":33040,"date":"2025-12-04T07:00:36","date_gmt":"2025-12-04T10:00:36","guid":{"rendered":"https:\/\/www.yungayino.cl\/noticias\/?p=33040"},"modified":"2025-12-04T19:55:45","modified_gmt":"2025-12-04T22:55:45","slug":"nuble-sera-la-capital-del-motocross-este-fin-de-semana-se-define-el-campeonato-nacional-en-bulnes","status":"publish","type":"post","link":"https:\/\/www.yungayino.cl\/noticias\/?p=33040","title":{"rendered":"\u00d1uble ser\u00e1 la capital del motocross: este fin de semana se define el campeonato nacional en Bulnes"},"content":{"rendered":"<p><img loading=\"lazy\" decoding=\"async\" class=\"alignnone wp-image-33036 size-full\" src=\"https:\/\/www.yungayino.cl\/noticias\/wp-content\/uploads\/2025\/12\/bulnes-2.jpg\" alt=\"\" width=\"700\" height=\"350\" srcset=\"https:\/\/www.yungayino.cl\/noticias\/wp-content\/uploads\/2025\/12\/bulnes-2.jpg 700w, https:\/\/www.yungayino.cl\/noticias\/wp-content\/uploads\/2025\/12\/bulnes-2-300x150.jpg 300w\" sizes=\"auto, (max-width: 700px) 100vw, 700px\" \/><\/p>\n<p>\u00d1uble, diciembre 2025: Con el respaldo del Gobierno Regional, la cita deportiva m\u00e1s importante del motocross chileno elige por segunda vez a \u00d1uble como sede de su definici\u00f3n, buscando impulsar el deporte local, el turismo y coronar a cuatro potenciales campeones de la regi\u00f3n. M\u00e1s de 200 pilotos competir\u00e1n en un evento gratuito para toda la familia.<\/p>\n<p>La Regi\u00f3n de \u00d1uble se prepara para vivir un hito hist\u00f3rico del deporte motor este s\u00e1bado 6 y domingo 7 de diciembre, cuando la comuna de Bulnes reciba por segunda vez la Gran Final del Campeonato Nacional de Motocross Chile MX, uno de los eventos m\u00e1s masivos y prestigiosos de su categor\u00eda en el pa\u00eds. Este encuentro es posible gracias al apoyo del Gobierno Regional, que consolida una pol\u00edtica destinada a posicionar al territorio como un escenario de primer nivel para eventos de alcance nacional, promoviendo simult\u00e1neamente el desarrollo deportivo y el turismo.<\/p>\n<p>Para el Gobernador Regional, \u00d3scar Cris\u00f3stomo, y los Consejeros Regionales, el apoyo a este tipo de iniciativas es una prioridad estrat\u00e9gica. \u201cHa sido una prioridad el desarrollo deportivo en la regi\u00f3n\u2026 Esto nos permite posicionar a \u00d1uble como sede de grandes eventos a nivel nacional, promoviendo el deporte y el turismo\u201d, se\u00f1al\u00f3 el Encargado de Deportes del Gobierno Regional de \u00d1uble, C\u00e9sar Navarrete. Esta visi\u00f3n se materializa en un trabajo colaborativo con municipios como Bulnes y clubes deportivos locales.<\/p>\n<p>El alcalde de Bulnes, Gonzalo Bustamante, calific\u00f3 el evento como \u201chist\u00f3rico\u201d para la comuna. \u201cEs un tremendo empuje, poner a Bulnes en el epicentro nacional del motocross. Nos abre puertas para dar a conocer nuestra comuna en el \u00e1mbito tur\u00edstico\u201d, expres\u00f3, haciendo un llamado a toda la comunidad a asistir y apoyar a los m\u00e1s de 40 pilotos \u00f1ublensinos que competir\u00e1n.<\/p>\n<p>La elecci\u00f3n de \u00d1uble como sede final por segunda vez (la primera fue en 2023) rompe con la tradicional centralizaci\u00f3n en Santiago y marca un antes y un despu\u00e9s para el deporte regional. \u201cEste es un hito muy importante que no solo promueve el desarrollo de los deportistas, sino tambi\u00e9n el turismo\u201d, destac\u00f3 Enzo Chazal, de la Corporaci\u00f3n Deportiva del Club Patagonia Motos Chile. Agreg\u00f3 que, fruto de esta apuesta, \u201choy en d\u00eda \u00d1uble ya lleva en la historia de este campeonato cerca de siete campeones nacionales en distintas categor\u00edas\u201d.<\/p>\n<p>Este 2025 podr\u00eda ser el a\u00f1o m\u00e1s laureado para \u00d1uble, con la posibilidad hist\u00f3rica de coronar a cuatro nuevos campeones nacionales originarios de la regi\u00f3n. Entre los pilotos que luchan por el t\u00edtulo se encuentran referentes como Sebasti\u00e1n Soto y Jaime Mel\u00e9ndez en las categor\u00edas l\u00edderes, junto a promesas como Javiera Urra, Josefa Sep\u00falveda y el joven talento de Quill\u00f3n, Tom\u00e1s Fuente Alba. \u201cHace cuatro a\u00f1os atr\u00e1s jam\u00e1s hab\u00edamos tenido un campe\u00f3n\u2026 Hoy, \u00d1uble se transforma en una potencia del motocross en Chile\u201d, afirm\u00f3 Chazal.<\/p>\n<p>El evento, que congregar\u00e1 a m\u00e1s de 200 pilotos en 17 categor\u00edas, comenzar\u00e1 el s\u00e1bado a las 08:00 horas con entrenamientos y clasificatorias. El domingo ser\u00e1 la jornada definitiva, con las carreras que definir\u00e1n todos los campeonatos. La cita es en el sector de Tres Esquinas, en Bulnes, con entrada liberada y gratuita para el p\u00fablico, gracias al apoyo del Gobierno Regional. En el lugar tambi\u00e9n habr\u00e1 una zona de food trucks, puestos para emprendedores, atracciones infantiles y un DJ en vivo.<\/p>\n<p>La final del Chile MX en \u00d1uble es m\u00e1s que una competencia; es el resultado de una apuesta por descentralizar el deporte de alto rendimiento, ofrecer espect\u00e1culo de calidad a la comunidad y, sobre todo, inspirar a las nuevas generaciones.<\/p>\n<p>&nbsp;<\/p>\n<p><img loading=\"lazy\" decoding=\"async\" class=\"alignnone wp-image-33035 size-full\" src=\"https:\/\/www.yungayino.cl\/noticias\/wp-content\/uploads\/2025\/12\/bulnes-1.jpg\" alt=\"\" width=\"700\" height=\"467\" srcset=\"https:\/\/www.yungayino.cl\/noticias\/wp-content\/uploads\/2025\/12\/bulnes-1.jpg 700w, https:\/\/www.yungayino.cl\/noticias\/wp-content\/uploads\/2025\/12\/bulnes-1-300x200.jpg 300w\" sizes=\"auto, (max-width: 700px) 100vw, 700px\" \/><\/p>\n","protected":false},"excerpt":{"rendered":"<p>\u00d1uble, diciembre 2025: Con el respaldo del Gobierno Regional, la cita deportiva m\u00e1s importante del motocross chileno elige por segunda vez a \u00d1uble como sede de su definici\u00f3n, buscando impulsar el deporte local, el&#46;&#46;&#46;<\/p>\n","protected":false},"author":2,"featured_media":33036,"comment_status":"closed","ping_status":"closed","sticky":false,"template":"","format":"standard","meta":{"footnotes":""},"categories":[17,1],"tags":[796,1120,3360,1115,1678,8,6,117],"class_list":["post-33040","post","type-post","status-publish","format-standard","has-post-thumbnail","hentry","category-deporte","category-noticias","tag-bulnes","tag-deporte","tag-motocross","tag-noticias","tag-nuble","tag-yungay","tag-yungayino","tag-yungayinocl"],"_links":{"self":[{"href":"https:\/\/www.yungayino.cl\/noticias\/index.php?rest_route=\/wp\/v2\/posts\/33040","targetHints":{"allow":["GET"]}}],"collection":[{"href":"https:\/\/www.yungayino.cl\/noticias\/index.php?rest_route=\/wp\/v2\/posts"}],"about":[{"href":"https:\/\/www.yungayino.cl\/noticias\/index.php?rest_route=\/wp\/v2\/types\/post"}],"author":[{"embeddable":true,"href":"https:\/\/www.yungayino.cl\/noticias\/index.php?rest_route=\/wp\/v2\/users\/2"}],"replies":[{"embeddable":true,"href":"https:\/\/www.yungayino.cl\/noticias\/index.php?rest_route=%2Fwp%2Fv2%2Fcomments&post=33040"}],"version-history":[{"count":2,"href":"https:\/\/www.yungayino.cl\/noticias\/index.php?rest_route=\/wp\/v2\/posts\/33040\/revisions"}],"predecessor-version":[{"id":33042,"href":"https:\/\/www.yungayino.cl\/noticias\/index.php?rest_route=\/wp\/v2\/posts\/33040\/revisions\/33042"}],"wp:featuredmedia":[{"embeddable":true,"href":"https:\/\/www.yungayino.cl\/noticias\/index.php?rest_route=\/wp\/v2\/media\/33036"}],"wp:attachment":[{"href":"https:\/\/www.yungayino.cl\/noticias\/index.php?rest_route=%2Fwp%2Fv2%2Fmedia&parent=33040"}],"wp:term":[{"taxonomy":"category","embeddable":true,"href":"https:\/\/www.yungayino.cl\/noticias\/index.php?rest_route=%2Fwp%2Fv2%2Fcategories&post=33040"},{"taxonomy":"post_tag","embeddable":true,"href":"https:\/\/www.yungayino.cl\/noticias\/index.php?rest_route=%2Fwp%2Fv2%2Ftags&post=33040"}],"curies":[{"name":"wp","href":"https:\/\/api.w.org\/{rel}","templated":true}]}}