{"id":3311,"date":"2010-04-01T19:00:39","date_gmt":"2010-04-01T23:00:39","guid":{"rendered":"http:\/\/www.yungayino.cl\/noticias\/?p=3311"},"modified":"2010-04-01T20:19:02","modified_gmt":"2010-04-02T00:19:02","slug":"nuevo-plan-de-aviso-para-quemas-agricolas-en-yungay","status":"publish","type":"post","link":"https:\/\/www.yungayino.cl\/noticias\/?p=3311","title":{"rendered":"Nuevo Plan de Aviso Para Quemas Agr\u00edcolas en Yungay"},"content":{"rendered":"<p><img decoding=\"async\" src=\"http:\/\/www.yungayino.cl\/imagenes\/quemasagricolas.jpg\" alt=\"Plan de Aviso Para Quemas Agr\u00edcolas en Yungay\" \/><\/p>\n<p align=\"justify\"><font size=\"2\">Yungay, La Municipalidad a trav\u00e9s de la Unidad de Fomento Productivo y la coordinaci\u00f3n con CONAF de Chill\u00e1n, ha programado un nuevo plan de aviso de quemas agr\u00edcolas, para el d\u00eda mi\u00e9rcoles 07 de abril, desde las 11:00 horas, en los comedores del Internado del Liceo, ubicado en la equina de las calles Arturo Prat con Tacna. Los interesados deber\u00e1n concurrir con los siguientes antecedentes:<br \/>\n&#8211; T\u00edtulo de dominio a favor de quien quema (propietario).<br \/>\n&#8211; N\u00famero de rol del predio a intervenir.<br \/>\n&#8211; Poder simple del propietario si \u00e9ste no puede concurrir personalmente a dar dicho aviso.<br \/>\n&#8211; Contrato de arrendamiento y otro documento que acredite dominio de la propiedad, en el caso que el solicitante no sea el due\u00f1o del predio.<br \/>\n&#8211; Contar con el predio habilitado para proceder a la quema (cortafuegos principalmente).<\/a><\/font><\/p>\n","protected":false},"excerpt":{"rendered":"<p>Yungay, La Municipalidad a trav\u00e9s de la Unidad de Fomento Productivo y la coordinaci\u00f3n con CONAF de Chill\u00e1n, ha programado un nuevo plan de aviso de quemas agr\u00edcolas, para el d\u00eda mi\u00e9rcoles 07 de&#46;&#46;&#46;<\/p>\n","protected":false},"author":2,"featured_media":15272,"comment_status":"open","ping_status":"open","sticky":false,"template":"","format":"standard","meta":{"footnotes":""},"categories":[1],"tags":[1115,188,8,6],"class_list":["post-3311","post","type-post","status-publish","format-standard","has-post-thumbnail","hentry","category-noticias","tag-noticias","tag-quemas-agricolas","tag-yungay","tag-yungayino"],"_links":{"self":[{"href":"https:\/\/www.yungayino.cl\/noticias\/index.php?rest_route=\/wp\/v2\/posts\/3311","targetHints":{"allow":["GET"]}}],"collection":[{"href":"https:\/\/www.yungayino.cl\/noticias\/index.php?rest_route=\/wp\/v2\/posts"}],"about":[{"href":"https:\/\/www.yungayino.cl\/noticias\/index.php?rest_route=\/wp\/v2\/types\/post"}],"author":[{"embeddable":true,"href":"https:\/\/www.yungayino.cl\/noticias\/index.php?rest_route=\/wp\/v2\/users\/2"}],"replies":[{"embeddable":true,"href":"https:\/\/www.yungayino.cl\/noticias\/index.php?rest_route=%2Fwp%2Fv2%2Fcomments&post=3311"}],"version-history":[{"count":2,"href":"https:\/\/www.yungayino.cl\/noticias\/index.php?rest_route=\/wp\/v2\/posts\/3311\/revisions"}],"predecessor-version":[{"id":3313,"href":"https:\/\/www.yungayino.cl\/noticias\/index.php?rest_route=\/wp\/v2\/posts\/3311\/revisions\/3313"}],"wp:featuredmedia":[{"embeddable":true,"href":"https:\/\/www.yungayino.cl\/noticias\/index.php?rest_route=\/wp\/v2\/media\/15272"}],"wp:attachment":[{"href":"https:\/\/www.yungayino.cl\/noticias\/index.php?rest_route=%2Fwp%2Fv2%2Fmedia&parent=3311"}],"wp:term":[{"taxonomy":"category","embeddable":true,"href":"https:\/\/www.yungayino.cl\/noticias\/index.php?rest_route=%2Fwp%2Fv2%2Fcategories&post=3311"},{"taxonomy":"post_tag","embeddable":true,"href":"https:\/\/www.yungayino.cl\/noticias\/index.php?rest_route=%2Fwp%2Fv2%2Ftags&post=3311"}],"curies":[{"name":"wp","href":"https:\/\/api.w.org\/{rel}","templated":true}]}}