{"id":33124,"date":"2026-01-14T12:12:49","date_gmt":"2026-01-14T15:12:49","guid":{"rendered":"https:\/\/www.yungayino.cl\/noticias\/?p=33124"},"modified":"2026-01-14T12:43:44","modified_gmt":"2026-01-14T15:43:44","slug":"asume-nuevo-director-regional-de-gendarmeria-en-nuble","status":"publish","type":"post","link":"https:\/\/www.yungayino.cl\/noticias\/?p=33124","title":{"rendered":"Asume Nuevo Director Regional de Gendarmer\u00eda en \u00d1uble"},"content":{"rendered":"<p><img loading=\"lazy\" decoding=\"async\" class=\"alignnone wp-image-33125 size-full\" src=\"https:\/\/www.yungayino.cl\/noticias\/wp-content\/uploads\/2026\/01\/gendarmeria-nuble.jpg\" alt=\"\" width=\"700\" height=\"576\" srcset=\"https:\/\/www.yungayino.cl\/noticias\/wp-content\/uploads\/2026\/01\/gendarmeria-nuble.jpg 700w, https:\/\/www.yungayino.cl\/noticias\/wp-content\/uploads\/2026\/01\/gendarmeria-nuble-300x247.jpg 300w\" sizes=\"auto, (max-width: 700px) 100vw, 700px\" \/><\/p>\n<p style=\"text-align: justify;\">\u00d1uble, enero 2026: Gendarmer\u00eda de Chile inform\u00f3 la asunci\u00f3n del nuevo Director Regional de la instituci\u00f3n en la Regi\u00f3n de \u00d1uble, quien liderar\u00e1 la gesti\u00f3n penitenciaria y administrativa en la zona.<\/p>\n<p style=\"text-align: justify;\">El nuevo Director Regional, coronel Miguel \u00c1lvarez Garrido, cuenta con una destacada trayectoria institucional y en sus a\u00f1os de servicio se ha desempe\u00f1ado previamente en las regiones de Arica, Los Lagos y Los R\u00edos, entre otras, lo que le ha permitido adquirir una s\u00f3lida experiencia en materias de seguridad penitenciaria, reinserci\u00f3n social y gesti\u00f3n operativa.<\/p>\n<p style=\"text-align: justify;\">En su primer mensaje, la autoridad regional penitenciaria destac\u00f3 el compromiso de fortalecer el trabajo del personal de Gendarmer\u00eda en la regi\u00f3n, reforzando la seguridad de los recintos penitenciarios y potenciando los programas de reinserci\u00f3n social, en coordinaci\u00f3n y alianzas estrat\u00e9gicas con las distintas instituciones p\u00fablicas y privadas de la regi\u00f3n.<\/p>\n<p style=\"text-align: justify;\">La Direcci\u00f3n Regional de Gendarmer\u00eda \u00d1uble tiene bajo su responsabilidad la administraci\u00f3n de las unidades penales y especiales de la regi\u00f3n, as\u00ed como la supervisi\u00f3n del cumplimiento de las medidas privativas y alternativas a la privaci\u00f3n de libertad, resguardando la seguridad p\u00fablica y el respeto a los derechos humanos.<\/p>\n","protected":false},"excerpt":{"rendered":"<p>\u00d1uble, enero 2026: Gendarmer\u00eda de Chile inform\u00f3 la asunci\u00f3n del nuevo Director Regional de la instituci\u00f3n en la Regi\u00f3n de \u00d1uble, quien liderar\u00e1 la gesti\u00f3n penitenciaria y administrativa en la zona. El nuevo Director&#46;&#46;&#46;<\/p>\n","protected":false},"author":2,"featured_media":33126,"comment_status":"closed","ping_status":"closed","sticky":false,"template":"","format":"standard","meta":{"footnotes":""},"categories":[1],"tags":[361,1115,1678,8,6,117],"class_list":["post-33124","post","type-post","status-publish","format-standard","has-post-thumbnail","hentry","category-noticias","tag-gendarmeria","tag-noticias","tag-nuble","tag-yungay","tag-yungayino","tag-yungayinocl"],"_links":{"self":[{"href":"https:\/\/www.yungayino.cl\/noticias\/index.php?rest_route=\/wp\/v2\/posts\/33124","targetHints":{"allow":["GET"]}}],"collection":[{"href":"https:\/\/www.yungayino.cl\/noticias\/index.php?rest_route=\/wp\/v2\/posts"}],"about":[{"href":"https:\/\/www.yungayino.cl\/noticias\/index.php?rest_route=\/wp\/v2\/types\/post"}],"author":[{"embeddable":true,"href":"https:\/\/www.yungayino.cl\/noticias\/index.php?rest_route=\/wp\/v2\/users\/2"}],"replies":[{"embeddable":true,"href":"https:\/\/www.yungayino.cl\/noticias\/index.php?rest_route=%2Fwp%2Fv2%2Fcomments&post=33124"}],"version-history":[{"count":1,"href":"https:\/\/www.yungayino.cl\/noticias\/index.php?rest_route=\/wp\/v2\/posts\/33124\/revisions"}],"predecessor-version":[{"id":33127,"href":"https:\/\/www.yungayino.cl\/noticias\/index.php?rest_route=\/wp\/v2\/posts\/33124\/revisions\/33127"}],"wp:featuredmedia":[{"embeddable":true,"href":"https:\/\/www.yungayino.cl\/noticias\/index.php?rest_route=\/wp\/v2\/media\/33126"}],"wp:attachment":[{"href":"https:\/\/www.yungayino.cl\/noticias\/index.php?rest_route=%2Fwp%2Fv2%2Fmedia&parent=33124"}],"wp:term":[{"taxonomy":"category","embeddable":true,"href":"https:\/\/www.yungayino.cl\/noticias\/index.php?rest_route=%2Fwp%2Fv2%2Fcategories&post=33124"},{"taxonomy":"post_tag","embeddable":true,"href":"https:\/\/www.yungayino.cl\/noticias\/index.php?rest_route=%2Fwp%2Fv2%2Ftags&post=33124"}],"curies":[{"name":"wp","href":"https:\/\/api.w.org\/{rel}","templated":true}]}}