{"id":33138,"date":"2026-01-26T20:00:59","date_gmt":"2026-01-26T23:00:59","guid":{"rendered":"https:\/\/www.yungayino.cl\/noticias\/?p=33138"},"modified":"2026-01-27T20:26:06","modified_gmt":"2026-01-27T23:26:06","slug":"nuble-250-anuncia-cartera-de-proyectos-con-173-iniciativas-en-su-segundo-cabildo-regional","status":"publish","type":"post","link":"https:\/\/www.yungayino.cl\/noticias\/?p=33138","title":{"rendered":"\u00d1uble 250 anuncia cartera de proyectos con 173 iniciativas en su Segundo Cabildo Regional"},"content":{"rendered":"<p><img loading=\"lazy\" decoding=\"async\" class=\"alignnone wp-image-33139 size-full\" src=\"https:\/\/www.yungayino.cl\/noticias\/wp-content\/uploads\/2026\/01\/nuble-250.jpg\" alt=\"\" width=\"700\" height=\"350\" srcset=\"https:\/\/www.yungayino.cl\/noticias\/wp-content\/uploads\/2026\/01\/nuble-250.jpg 700w, https:\/\/www.yungayino.cl\/noticias\/wp-content\/uploads\/2026\/01\/nuble-250-300x150.jpg 300w\" sizes=\"auto, (max-width: 700px) 100vw, 700px\" \/><\/p>\n<p style=\"text-align: justify;\">\u00d1uble, enero 2026: La informaci\u00f3n fue expuesta por el Gobernador Cris\u00f3stomo en una jornada donde adem\u00e1s se mostraron los avances desde el lanzamiento de esta estrategia y los desaf\u00edos para su segunda etapa. Tambi\u00e9n se dio a conocer la plataforma web\u00a0<a href=\"http:\/\/nuble250.cl\/\">nuble250.cl<\/a>.<\/p>\n<p style=\"text-align: justify;\">En el marco del Cabildo, fue habilitado el Sal\u00f3n Diguill\u00edn, un espacio que alberg\u00f3 la antigua Sala de Alegatos de la Corte de Apelaciones.<\/p>\n<p style=\"text-align: justify;\">Un total de 173 iniciativas componen la cartera de proyectos de \u00d1uble 250, as\u00ed lo anunci\u00f3 el Gobernador Regional, \u00d3scar Cris\u00f3stomo, durante el Segundo Cabildo Regional realizado esta jornada. En la instancia, que convoca a\u00a0autoridades, academia, gremios, medios de comunicaci\u00f3n y sociedad civil, los asistentes pudieron conocer, adem\u00e1s, los avances de la primera etapa desde septiembre de 2025 a la fecha y los desaf\u00edos que se proyectan para los pr\u00f3ximos meses.<\/p>\n<p style=\"text-align: justify;\">Recordar que \u00d1uble 250 se divide en tres dimensiones: Territorio Vivo, Conectividad y Crecimiento, y Bienestar. En detalle, la primera comprende 78 iniciativas; la segunda, 24 proyectos y, finalmente la tercera, 71 propuestas; todas orientadas a alcanzar una meta com\u00fan: ser una mejor regi\u00f3n para vivir.<\/p>\n<p style=\"text-align: justify;\">En este nuevo hito, junto con agradecer la colaboraci\u00f3n de todos los actores de \u00d1uble 250, el Gobernador Cris\u00f3stomo precis\u00f3 que \u201chan pasado cuatro meses desde el primer Cabildo, donde trabajamos intensamente con todos los integrantes e instituciones. Hoy podemos decir que hemos llegado a un consenso de 173 iniciativas, obras y\u00a0programas que se van a ejecutar en los pr\u00f3ximos a\u00f1os. Se ha hecho con una\u00a0visi\u00f3n de realismo de ejecuci\u00f3n, que tenga un impacto estructural y tambi\u00e9n en t\u00e9rminos de que sea coherente con la Estrategia Regional de Desarrollo y entendiendo que\u00a0este es el desde, por lo tanto, tambi\u00e9n deja una mirada de largo\u00a0plazo para nuestra regi\u00f3n\u201d.<\/p>\n<p style=\"text-align: justify;\">Respecto a los avances en estos meses, destac\u00f3 que \u201cya tenemos los primeros resultados, hay algunas obras que se han iniciado como el Parque Sarita Gajardo, el RS y el presupuesto que\u00a0tenemos para el Cine O\u00b4Higgins, el acuerdo con los alcaldes para\u00a0las 21 obras que se van a ejecutar en cada una de las comunas, as\u00ed que \u00d1uble 250 viene a dinamizar distintas iniciativas que estaban\u00a0congeladas y a darle un impulso a nuestra regi\u00f3n\u201d.<\/p>\n<p style=\"text-align: justify;\">Asimismo, la Secretaria T\u00e9cnica de \u00d1uble 250, Camila Flores, profundiz\u00f3 en la gesti\u00f3n realizada y los mecanismos de seguimiento: \u201cLo importante de esta primera etapa fue consolidar el trabajo t\u00e9cnico para poder\u00a0establecer esta cartera realista. Tambi\u00e9n vamos a\u00a0tener algunas carteras complementarias, pero la idea es la concreci\u00f3n de las iniciativas y para eso es muy importante el levantamiento del Observatorio, que lo estamos lanzando como una\u00a0iniciativa distinta e independiente de esta instituci\u00f3n, para poder\u00a0reportar a la comunidad de manera transparente\u201d, dijo.<\/p>\n<p style=\"text-align: justify;\">Trabajo coordinado<\/p>\n<p style=\"text-align: justify;\">Entre los actores relevantes que componen el Cabildo se encuentra el Consejo Regional. En su representaci\u00f3n, el consejero Arnoldo Jim\u00e9nez asegur\u00f3 que \u201cmuchas de estas iniciativas, por la\u00a0envergadura de la inversi\u00f3n, van a pasar por el Consejo Regional y, en ese aspecto,\u00a0es muy importante ser parte de la planificaci\u00f3n y destacar tambi\u00e9n el hecho de la participaci\u00f3n de distintos actores para construir una\u00a0agenda por el desarrollo de \u00d1uble\u201d.<\/p>\n<p style=\"text-align: justify;\">La academia tambi\u00e9n se hace presente en esta instancia. El Director del Campus Chill\u00e1n de la Universidad de Concepci\u00f3n, Pedro Pablo Rojas, recalc\u00f3 la planificaci\u00f3n y manifest\u00f3 su colaboraci\u00f3n para el desarrollo de la regi\u00f3n, ya que \u201cno se puede hacer solo, se requiere la participaci\u00f3n como est\u00e1\u00a0ocurriendo ahora, donde los distintos actores relevantes, el mundo p\u00fablico\u00a0privado, la academia, la ciudadan\u00eda, porque cuando eso ocurre, esas conversaciones se\u00a0llevan a cabo y se proyecta en conjunto, hay una mayor probabilidad de \u00e9xito de estas iniciativas\u201d.<\/p>\n<p style=\"text-align: justify;\">Finalmente, el Presidente del Instituto O\u2019Higginiano de \u00d1uble, Juan Ignacio Basterrica, calific\u00f3 la instancia como \u201cimportant\u00edsima. Hemos plasmado nuestras\u00a0inquietudes, han sido bien recibidas y para nosotros \u00d1uble 250 es una meta muy anhelada. Nosotros\u00a0tenemos como instituci\u00f3n la inquietud de relevar al\u00a0Libertador y por eso las ideas que hemos propuesto han sido muy\u00a0bien recibidas y esperamos que puedan concretarse, as\u00ed que estamos muy contentos por ello\u201d.<\/p>\n<p style=\"text-align: justify;\">Sal\u00f3n Diguill\u00edn<\/p>\n<p style=\"text-align: justify;\">En el marco del Cabildo, tambi\u00e9n fue habilitado el Sal\u00f3n Diguill\u00edn del Gobierno Regional, un espacio con historia, ya que alberg\u00f3 la antigua Sala de Alegatos de la Corte de Apelaciones, recinto que forma parte de la memoria colectiva al ser el lugar donde se llev\u00f3 a cabo el proceso judicial del \u00abChacal de Nahueltoro\u201d.<\/p>\n<p style=\"text-align: justify;\">Al respecto, el Gobernador Cris\u00f3stomo precis\u00f3 que lo que se busc\u00f3 fue \u201crecuperar un espacio hist\u00f3rico para la ciudad y \u00d1uble. Aqu\u00ed no vamos a tener ninguna\u00a0modificaci\u00f3n estructural relevante, vamos a mantener lo que existe, mejorarlo y restaurarlo. Esperamos que pr\u00f3ximamente, y es parte de \u00d1uble 250, que este sea un museo vivo, que est\u00e9 abierto a la comunidad y que tenga elementos identitarios y patrimoniales de\u00a0nuestra regi\u00f3n\u201d.<\/p>\n<p style=\"text-align: justify;\">Durante la actividad, tambi\u00e9n se lanz\u00f3 la p\u00e1gina web\u00a0<a href=\"http:\/\/nuble250.cl\/\">nuble250.cl<\/a>, plataforma que permitir\u00e1 acercar esta estrategia a las personas, poniendo a disposici\u00f3n las dimensiones, proyectos y la informaci\u00f3n necesaria para comprender la importancia de \u00d1uble 250.<\/p>\n","protected":false},"excerpt":{"rendered":"<p>\u00d1uble, enero 2026: La informaci\u00f3n fue expuesta por el Gobernador Cris\u00f3stomo en una jornada donde adem\u00e1s se mostraron los avances desde el lanzamiento de esta estrategia y los desaf\u00edos para su segunda etapa. Tambi\u00e9n&#46;&#46;&#46;<\/p>\n","protected":false},"author":2,"featured_media":33139,"comment_status":"closed","ping_status":"closed","sticky":false,"template":"","format":"standard","meta":{"footnotes":""},"categories":[1],"tags":[1115,1678,3373,8,6,117],"class_list":["post-33138","post","type-post","status-publish","format-standard","has-post-thumbnail","hentry","category-noticias","tag-noticias","tag-nuble","tag-nuble-250","tag-yungay","tag-yungayino","tag-yungayinocl"],"_links":{"self":[{"href":"https:\/\/www.yungayino.cl\/noticias\/index.php?rest_route=\/wp\/v2\/posts\/33138","targetHints":{"allow":["GET"]}}],"collection":[{"href":"https:\/\/www.yungayino.cl\/noticias\/index.php?rest_route=\/wp\/v2\/posts"}],"about":[{"href":"https:\/\/www.yungayino.cl\/noticias\/index.php?rest_route=\/wp\/v2\/types\/post"}],"author":[{"embeddable":true,"href":"https:\/\/www.yungayino.cl\/noticias\/index.php?rest_route=\/wp\/v2\/users\/2"}],"replies":[{"embeddable":true,"href":"https:\/\/www.yungayino.cl\/noticias\/index.php?rest_route=%2Fwp%2Fv2%2Fcomments&post=33138"}],"version-history":[{"count":2,"href":"https:\/\/www.yungayino.cl\/noticias\/index.php?rest_route=\/wp\/v2\/posts\/33138\/revisions"}],"predecessor-version":[{"id":33141,"href":"https:\/\/www.yungayino.cl\/noticias\/index.php?rest_route=\/wp\/v2\/posts\/33138\/revisions\/33141"}],"wp:featuredmedia":[{"embeddable":true,"href":"https:\/\/www.yungayino.cl\/noticias\/index.php?rest_route=\/wp\/v2\/media\/33139"}],"wp:attachment":[{"href":"https:\/\/www.yungayino.cl\/noticias\/index.php?rest_route=%2Fwp%2Fv2%2Fmedia&parent=33138"}],"wp:term":[{"taxonomy":"category","embeddable":true,"href":"https:\/\/www.yungayino.cl\/noticias\/index.php?rest_route=%2Fwp%2Fv2%2Fcategories&post=33138"},{"taxonomy":"post_tag","embeddable":true,"href":"https:\/\/www.yungayino.cl\/noticias\/index.php?rest_route=%2Fwp%2Fv2%2Ftags&post=33138"}],"curies":[{"name":"wp","href":"https:\/\/api.w.org\/{rel}","templated":true}]}}