{"id":33295,"date":"2026-04-27T15:57:26","date_gmt":"2026-04-27T18:57:26","guid":{"rendered":"https:\/\/www.yungayino.cl\/noticias\/?p=33295"},"modified":"2026-04-27T16:01:32","modified_gmt":"2026-04-27T19:01:32","slug":"conmemoracion-del-99-aniversario-de-carabineros-de-chile","status":"publish","type":"post","link":"https:\/\/www.yungayino.cl\/noticias\/?p=33295","title":{"rendered":"Conmemoraci\u00f3n del 99\u00b0 Aniversario de Carabineros de Chile"},"content":{"rendered":"<p><img loading=\"lazy\" decoding=\"async\" class=\"alignnone wp-image-33296 size-full\" src=\"https:\/\/www.yungayino.cl\/noticias\/wp-content\/uploads\/2026\/04\/carabineros-1-copia.jpg\" alt=\"\" width=\"700\" height=\"350\" srcset=\"https:\/\/www.yungayino.cl\/noticias\/wp-content\/uploads\/2026\/04\/carabineros-1-copia.jpg 700w, https:\/\/www.yungayino.cl\/noticias\/wp-content\/uploads\/2026\/04\/carabineros-1-copia-300x150.jpg 300w\" sizes=\"auto, (max-width: 700px) 100vw, 700px\" \/><\/p>\n<p style=\"text-align: justify;\">Yungay, abril 2026: En el frontis de la 4\u00aa Comisar\u00eda de Yungay se desarroll\u00f3 la tradicional ceremonia de izamiento del Pabell\u00f3n Nacional, en el marco del 99\u00b0 aniversario institucional. La actividad, cargada de simbolismo y sentido de pertenencia, reuni\u00f3 a funcionarios activos y en situaci\u00f3n de retiro, adem\u00e1s de autoridades locales.<\/p>\n<p style=\"text-align: justify;\">En la ocasi\u00f3n, se llev\u00f3 a cabo un significativo reconocimiento a carabineros que cumplieron 20 a\u00f1os de servicio efectivo, destacando su vocaci\u00f3n, compromiso y trayectoria al servicio del pa\u00eds. Las condecoraciones fueron impuestas por el Mayor H\u00e9ctor Gonz\u00e1lez, en una instancia solemne que puso en valor no solo la labor profesional, sino tambi\u00e9n el constante apoyo de sus familias, pilares fundamentales en la carrera institucional.<\/p>\n<p style=\"text-align: justify;\">La ceremonia reflej\u00f3 el orgullo, la tradici\u00f3n y el esp\u00edritu de servicio que caracterizan a Carabineros de Chile en su camino hacia el centenario.<\/p>\n<p>&nbsp;<\/p>\n<p style=\"text-align: center;\"><strong>FOTOGRAF\u00cdAS:<\/strong><\/p>\n<p style=\"text-align: center;\"><iframe loading=\"lazy\" style=\"border: none; overflow: hidden;\" src=\"https:\/\/www.facebook.com\/plugins\/post.php?href=https%3A%2F%2Fwww.facebook.com%2Fyungayino.cl%2Fposts%2Fpfbid032qoHCfymC4WGvpafBBAVkC4Y5J4w1B141MAvzLumr25Fr3xnvZ2oaoUfiHcKv7FWl&amp;show_text=true&amp;width=500\" width=\"500\" height=\"726\" frameborder=\"0\" scrolling=\"no\" allowfullscreen=\"allowfullscreen\"><\/iframe><\/p>\n","protected":false},"excerpt":{"rendered":"<p>Yungay, abril 2026: En el frontis de la 4\u00aa Comisar\u00eda de Yungay se desarroll\u00f3 la tradicional ceremonia de izamiento del Pabell\u00f3n Nacional, en el marco del 99\u00b0 aniversario institucional. La actividad, cargada de simbolismo&#46;&#46;&#46;<\/p>\n","protected":false},"author":2,"featured_media":33296,"comment_status":"closed","ping_status":"closed","sticky":false,"template":"","format":"standard","meta":{"footnotes":""},"categories":[1],"tags":[3390,298,25,1115,8,6,117],"class_list":["post-33295","post","type-post","status-publish","format-standard","has-post-thumbnail","hentry","category-noticias","tag-99-anos","tag-aniversario","tag-carabineros","tag-noticias","tag-yungay","tag-yungayino","tag-yungayinocl"],"_links":{"self":[{"href":"https:\/\/www.yungayino.cl\/noticias\/index.php?rest_route=\/wp\/v2\/posts\/33295","targetHints":{"allow":["GET"]}}],"collection":[{"href":"https:\/\/www.yungayino.cl\/noticias\/index.php?rest_route=\/wp\/v2\/posts"}],"about":[{"href":"https:\/\/www.yungayino.cl\/noticias\/index.php?rest_route=\/wp\/v2\/types\/post"}],"author":[{"embeddable":true,"href":"https:\/\/www.yungayino.cl\/noticias\/index.php?rest_route=\/wp\/v2\/users\/2"}],"replies":[{"embeddable":true,"href":"https:\/\/www.yungayino.cl\/noticias\/index.php?rest_route=%2Fwp%2Fv2%2Fcomments&post=33295"}],"version-history":[{"count":3,"href":"https:\/\/www.yungayino.cl\/noticias\/index.php?rest_route=\/wp\/v2\/posts\/33295\/revisions"}],"predecessor-version":[{"id":33299,"href":"https:\/\/www.yungayino.cl\/noticias\/index.php?rest_route=\/wp\/v2\/posts\/33295\/revisions\/33299"}],"wp:featuredmedia":[{"embeddable":true,"href":"https:\/\/www.yungayino.cl\/noticias\/index.php?rest_route=\/wp\/v2\/media\/33296"}],"wp:attachment":[{"href":"https:\/\/www.yungayino.cl\/noticias\/index.php?rest_route=%2Fwp%2Fv2%2Fmedia&parent=33295"}],"wp:term":[{"taxonomy":"category","embeddable":true,"href":"https:\/\/www.yungayino.cl\/noticias\/index.php?rest_route=%2Fwp%2Fv2%2Fcategories&post=33295"},{"taxonomy":"post_tag","embeddable":true,"href":"https:\/\/www.yungayino.cl\/noticias\/index.php?rest_route=%2Fwp%2Fv2%2Ftags&post=33295"}],"curies":[{"name":"wp","href":"https:\/\/api.w.org\/{rel}","templated":true}]}}