{"id":33300,"date":"2026-04-30T07:00:06","date_gmt":"2026-04-30T10:00:06","guid":{"rendered":"https:\/\/www.yungayino.cl\/noticias\/?p=33300"},"modified":"2026-04-27T16:14:45","modified_gmt":"2026-04-27T19:14:45","slug":"240-familias-de-campanario-cierran-el-camino-hacia-la-casa-propia","status":"publish","type":"post","link":"https:\/\/www.yungayino.cl\/noticias\/?p=33300","title":{"rendered":"240 familias de Campanario cierran el camino hacia la casa propia"},"content":{"rendered":"<p><img loading=\"lazy\" decoding=\"async\" class=\"alignnone wp-image-33301 size-full\" src=\"https:\/\/www.yungayino.cl\/noticias\/wp-content\/uploads\/2026\/04\/240-familias-de-Campanario-cierran-el-camino-hacia-la-casa-propia-2-copia.jpg\" alt=\"\" width=\"700\" height=\"350\" srcset=\"https:\/\/www.yungayino.cl\/noticias\/wp-content\/uploads\/2026\/04\/240-familias-de-Campanario-cierran-el-camino-hacia-la-casa-propia-2-copia.jpg 700w, https:\/\/www.yungayino.cl\/noticias\/wp-content\/uploads\/2026\/04\/240-familias-de-Campanario-cierran-el-camino-hacia-la-casa-propia-2-copia-300x150.jpg 300w\" sizes=\"auto, (max-width: 700px) 100vw, 700px\" \/><\/p>\n<p style=\"text-align: justify;\">Campanario, abril 2026: A inicios de a\u00f1o, se inaugur\u00f3 la Villa El Futuro de Campanario y tras la validaci\u00f3n t\u00e9cnica de la propiedad, 240 familias cerraron la ruta del comit\u00e9. En una emotiva ceremonia, el Delegado Presidencial, Diego Sep\u00falveda, junto a la Seremi de Vivienda y Urbanismo, Carolina Navarrete Rubio, y el Alcalde de Yungay, Rafael Cifuentes, encabezaron la entrega de carpetas t\u00e9cnico-legales, considerando las escrituras, planos, dominio vigente y certificados correspondientes de la vivienda.<\/p>\n<p style=\"text-align: justify;\">\u201cMuy contento por este \u00faltimo paso final para que las familias de Campanario tengan la certeza jur\u00eddica de que esta vivienda es de ellos, as\u00ed que este es el \u00faltimo paso, esperaron durante mucho tiempo y nosotros queremos empezar a dar certeza y por lo tanto la fiscalizaci\u00f3n por parte del Serviu y tambi\u00e9n del Gobierno Central, del presidente Kast, va a estar en que los comit\u00e9s de vivienda puedan desarrollar este trabajo y este proceso de manera tranquila y sin dificultades y sin estos a\u00f1os de espera\u201d, coment\u00f3 el Delegado Presidencial, Diego Sep\u00falveda.<\/p>\n<p style=\"text-align: justify;\">La Seremi, Carolina Navarrete, plante\u00f3 que es esencial acompa\u00f1ar a las familias en todos los procesos, en donde \u201cson mujeres las que han luchado por a\u00f1os, son mujeres las que se preocupan del bienestar de sus familias, de la alimentaci\u00f3n, la educaci\u00f3n y tener un hogar propio, por eso, estoy muy contenta por las 240 familias que dejaron de ser un comit\u00e9 y hoy se encuentran creando una comunidad. Por lo mismo, estamos trabajando para que m\u00e1s familias de Yungay y \u00d1uble puedan llegar a este momento, hace poco destrabamos los recursos para Villa Alegre y seguiremos en esa senda, tal como nos mandat\u00f3 el ministro Poduje, el objetivo es agilizar, disminuir la burocracia y fiscalizar para brindar una soluci\u00f3n digna y de calidad\u201d.<\/p>\n<p style=\"text-align: justify;\">Desde la comunidad, Mar\u00eda In\u00e9s Rivera, declar\u00f3 que \u201ces un d\u00eda de mucha emoci\u00f3n. Son muchos sentimientos encontrados. Primero que nada, tener esto en mis manos es sentir una seguridad en el futuro, tanto m\u00edo como de mi hijo que estudia. Llega los fines de semana y ya va a llegar algo realmente suyo y eso para m\u00ed es impagable. Y el cambio en mi vida y en la de \u00e9l es 100% relacionado con lo que ten\u00edamos antes y agradecida de todos, todas las autoridades de nuestro comit\u00e9 y nuestra presidenta que dej\u00f3 los pies en la calle por conseguir esto para tantas familias\u201d.<\/p>\n<p style=\"text-align: justify;\">La nueva villa se encuentra al interior del territorio urbano y est\u00e1 pr\u00f3ximo a distintos equipamientos como el Edificio Municipal, Colegios, Bomberos, Cesfam y comercio en general. Del mismo modo, est\u00e1 frente a la v\u00eda estructurante de la comuna, la cual da accesibilidad y conexi\u00f3n a distintos puntos de la regi\u00f3n. Respecto a la estructura de las viviendas, var\u00edan entre 46 y 59 m2, abarcando sala de estar y comedor, ba\u00f1o, cocina, dos dormitorios; salvo las viviendas de familias numerosas que constan con un tercer dormitorio.<\/p>\n<p>&nbsp;<\/p>\n<p><img loading=\"lazy\" decoding=\"async\" class=\"alignnone wp-image-33302 size-full\" src=\"https:\/\/www.yungayino.cl\/noticias\/wp-content\/uploads\/2026\/04\/240-familias-de-Campanario-cierran-el-camino-hacia-la-casa-propia-1.jpg\" alt=\"\" width=\"700\" height=\"466\" srcset=\"https:\/\/www.yungayino.cl\/noticias\/wp-content\/uploads\/2026\/04\/240-familias-de-Campanario-cierran-el-camino-hacia-la-casa-propia-1.jpg 700w, https:\/\/www.yungayino.cl\/noticias\/wp-content\/uploads\/2026\/04\/240-familias-de-Campanario-cierran-el-camino-hacia-la-casa-propia-1-300x200.jpg 300w\" sizes=\"auto, (max-width: 700px) 100vw, 700px\" \/><\/p>\n<p><img loading=\"lazy\" decoding=\"async\" class=\"alignnone wp-image-33303 size-full\" src=\"https:\/\/www.yungayino.cl\/noticias\/wp-content\/uploads\/2026\/04\/240-familias-de-Campanario-cierran-el-camino-hacia-la-casa-propia-2.jpg\" alt=\"\" width=\"700\" height=\"466\" srcset=\"https:\/\/www.yungayino.cl\/noticias\/wp-content\/uploads\/2026\/04\/240-familias-de-Campanario-cierran-el-camino-hacia-la-casa-propia-2.jpg 700w, https:\/\/www.yungayino.cl\/noticias\/wp-content\/uploads\/2026\/04\/240-familias-de-Campanario-cierran-el-camino-hacia-la-casa-propia-2-300x200.jpg 300w\" sizes=\"auto, (max-width: 700px) 100vw, 700px\" \/><\/p>\n","protected":false},"excerpt":{"rendered":"<p>Campanario, abril 2026: A inicios de a\u00f1o, se inaugur\u00f3 la Villa El Futuro de Campanario y tras la validaci\u00f3n t\u00e9cnica de la propiedad, 240 familias cerraron la ruta del comit\u00e9. En una emotiva ceremonia,&#46;&#46;&#46;<\/p>\n","protected":false},"author":2,"featured_media":33301,"comment_status":"closed","ping_status":"closed","sticky":false,"template":"","format":"standard","meta":{"footnotes":""},"categories":[1,2567],"tags":[31,1115,2768,1726,8,6,117],"class_list":["post-33300","post","type-post","status-publish","format-standard","has-post-thumbnail","hentry","category-noticias","category-social","tag-campanario","tag-noticias","tag-villa-futuro","tag-viviendas","tag-yungay","tag-yungayino","tag-yungayinocl"],"_links":{"self":[{"href":"https:\/\/www.yungayino.cl\/noticias\/index.php?rest_route=\/wp\/v2\/posts\/33300","targetHints":{"allow":["GET"]}}],"collection":[{"href":"https:\/\/www.yungayino.cl\/noticias\/index.php?rest_route=\/wp\/v2\/posts"}],"about":[{"href":"https:\/\/www.yungayino.cl\/noticias\/index.php?rest_route=\/wp\/v2\/types\/post"}],"author":[{"embeddable":true,"href":"https:\/\/www.yungayino.cl\/noticias\/index.php?rest_route=\/wp\/v2\/users\/2"}],"replies":[{"embeddable":true,"href":"https:\/\/www.yungayino.cl\/noticias\/index.php?rest_route=%2Fwp%2Fv2%2Fcomments&post=33300"}],"version-history":[{"count":1,"href":"https:\/\/www.yungayino.cl\/noticias\/index.php?rest_route=\/wp\/v2\/posts\/33300\/revisions"}],"predecessor-version":[{"id":33304,"href":"https:\/\/www.yungayino.cl\/noticias\/index.php?rest_route=\/wp\/v2\/posts\/33300\/revisions\/33304"}],"wp:featuredmedia":[{"embeddable":true,"href":"https:\/\/www.yungayino.cl\/noticias\/index.php?rest_route=\/wp\/v2\/media\/33301"}],"wp:attachment":[{"href":"https:\/\/www.yungayino.cl\/noticias\/index.php?rest_route=%2Fwp%2Fv2%2Fmedia&parent=33300"}],"wp:term":[{"taxonomy":"category","embeddable":true,"href":"https:\/\/www.yungayino.cl\/noticias\/index.php?rest_route=%2Fwp%2Fv2%2Fcategories&post=33300"},{"taxonomy":"post_tag","embeddable":true,"href":"https:\/\/www.yungayino.cl\/noticias\/index.php?rest_route=%2Fwp%2Fv2%2Ftags&post=33300"}],"curies":[{"name":"wp","href":"https:\/\/api.w.org\/{rel}","templated":true}]}}