{"id":3440,"date":"2010-04-18T20:00:00","date_gmt":"2010-04-19T00:00:00","guid":{"rendered":"http:\/\/www.yungayino.cl\/noticias\/?p=3440"},"modified":"2010-04-23T08:36:30","modified_gmt":"2010-04-23T12:36:30","slug":"banda-de-guerra-escolar-entretiene-y-distrae-a-vecinos-de-yungay","status":"publish","type":"post","link":"https:\/\/www.yungayino.cl\/noticias\/?p=3440","title":{"rendered":"Banda de Guerra Escolar Entretiene y Distrae a Vecinos de Yungay"},"content":{"rendered":"<p><img decoding=\"async\" src=\"http:\/\/www.yungayino.cl\/imagenes\/bandaguerra201004.jpg\" alt=\"Banda de Guerra Escolar Entretiene y Distrae a Vecinos de Yungay\" \/><\/p>\n<p align=\"justify\"><font size=\"2\">Yungay, la Banda de Guerra Escolar de nuestra comuna recorri\u00f3 con gran entusiasmo las principales calles con el objetivo de distraer y entretener a los vecinos m\u00e1s afectados por el terremoto, que azot\u00f3 al Pa\u00eds el pasado 27 de febrero, esta banda esta constituidas por estudiantes de diferentes establecimientos educacionales que tambi\u00e9n sufrieron da\u00f1os en sus infraestructuras y que no les hab\u00eda permitido iniciar el a\u00f1o escolar con normalidad. La Banda esta a cargo del Instructor H\u00e9ctor Lagos Tapia, qui\u00e9n manifest\u00f3 al Portal de muy valorable la iniciativa la cu\u00e1l permiti\u00f3 tambi\u00e9n a los estudiantes a distraerse por la falta de clases y de la buena recepci\u00f3n de los vecino al salir a las calles a presenciar su presentaci\u00f3n y destreza en los distintos instrumentos.<br \/>\n<a href=\"http:\/\/www.yungayino.cl\/noticias\/?p=3440#comments\">Comente Aqu\u00ed<\/a><br \/>\n<a href=\"http:\/\/www.flickr.com\/photos\/47355566@N02\/tags\/bandaguerrayungay\/\">Fotograf\u00edas<\/a><\/font><\/p>\n","protected":false},"excerpt":{"rendered":"<p>Yungay, la Banda de Guerra Escolar de nuestra comuna recorri\u00f3 con gran entusiasmo las principales calles con el objetivo de distraer y entretener a los vecinos m\u00e1s afectados por el terremoto, que azot\u00f3 al&#46;&#46;&#46;<\/p>\n","protected":false},"author":2,"featured_media":15292,"comment_status":"open","ping_status":"open","sticky":false,"template":"","format":"standard","meta":{"footnotes":""},"categories":[1],"tags":[201,1115,8,6],"class_list":["post-3440","post","type-post","status-publish","format-standard","has-post-thumbnail","hentry","category-noticias","tag-banda-de-guerra-yungay","tag-noticias","tag-yungay","tag-yungayino"],"_links":{"self":[{"href":"https:\/\/www.yungayino.cl\/noticias\/index.php?rest_route=\/wp\/v2\/posts\/3440","targetHints":{"allow":["GET"]}}],"collection":[{"href":"https:\/\/www.yungayino.cl\/noticias\/index.php?rest_route=\/wp\/v2\/posts"}],"about":[{"href":"https:\/\/www.yungayino.cl\/noticias\/index.php?rest_route=\/wp\/v2\/types\/post"}],"author":[{"embeddable":true,"href":"https:\/\/www.yungayino.cl\/noticias\/index.php?rest_route=\/wp\/v2\/users\/2"}],"replies":[{"embeddable":true,"href":"https:\/\/www.yungayino.cl\/noticias\/index.php?rest_route=%2Fwp%2Fv2%2Fcomments&post=3440"}],"version-history":[{"count":6,"href":"https:\/\/www.yungayino.cl\/noticias\/index.php?rest_route=\/wp\/v2\/posts\/3440\/revisions"}],"predecessor-version":[{"id":3452,"href":"https:\/\/www.yungayino.cl\/noticias\/index.php?rest_route=\/wp\/v2\/posts\/3440\/revisions\/3452"}],"wp:featuredmedia":[{"embeddable":true,"href":"https:\/\/www.yungayino.cl\/noticias\/index.php?rest_route=\/wp\/v2\/media\/15292"}],"wp:attachment":[{"href":"https:\/\/www.yungayino.cl\/noticias\/index.php?rest_route=%2Fwp%2Fv2%2Fmedia&parent=3440"}],"wp:term":[{"taxonomy":"category","embeddable":true,"href":"https:\/\/www.yungayino.cl\/noticias\/index.php?rest_route=%2Fwp%2Fv2%2Fcategories&post=3440"},{"taxonomy":"post_tag","embeddable":true,"href":"https:\/\/www.yungayino.cl\/noticias\/index.php?rest_route=%2Fwp%2Fv2%2Ftags&post=3440"}],"curies":[{"name":"wp","href":"https:\/\/api.w.org\/{rel}","templated":true}]}}