{"id":3477,"date":"2010-04-30T18:00:14","date_gmt":"2010-04-30T22:00:14","guid":{"rendered":"http:\/\/www.yungayino.cl\/noticias\/?p=3477"},"modified":"2010-04-30T20:20:11","modified_gmt":"2010-05-01T00:20:11","slug":"comercial-copelec-reinaugura-tienda-en-yungay","status":"publish","type":"post","link":"https:\/\/www.yungayino.cl\/noticias\/?p=3477","title":{"rendered":"Comercial Copelec Reinaugura Tienda en Yungay"},"content":{"rendered":"<p><img decoding=\"async\" src=\"http:\/\/www.yungayino.cl\/imagenes\/inauguracioncomercialcopelec.jpg\" alt=\"Comercial Copelec Reinaugura Nuevo Local en  Yungay\" \/><\/p>\n<p align=\"justify\"><font size=\"2\">Yungay 30 de abril, Comercial Copelec reinaugura tienda en Yungay la cu\u00e1l se encuentra ubicada en Calle Angamos. El nuevo local de 500 m2 permitir\u00e1 una mejor atenci\u00f3n a los clientes, as\u00ed lo manifest\u00f3 al Portal el encargado de la tienda Juan Hern\u00e1ndez quien hizo el llamado a visitar y aprovechar las grandes ofertas en los diferentes departamentos. Cabe destacar que la fuente laboral es de 9 personas de la comuna y que la tienda cumplir\u00e1 el pr\u00f3ximo 10 de mayo 14 a\u00f1os atendiendo a la comunidad yungayina.<br \/>\n<a href=\"http:\/\/www.yungayino.cl\/noticias\/?p=3477#comments\">Comente Aqu\u00ed<\/a><br \/>\n<a href=\"http:\/\/www.flickr.com\/photos\/47355566@N02\/tags\/comercialcopelec\/\">Fotograf\u00edas<\/a><br \/>\n<\/br><br \/>\n<object width=\"425\" height=\"344\"><param name=\"movie\" value=\"http:\/\/www.youtube.com\/v\/rkQh7gIQfmI&#038;rel=0&#038;egm=0&#038;hl=es&#038;fs=1\"><\/param><param name=\"allowFullScreen\" value=\"true\"><\/param><param name=\"allowscriptaccess\" value=\"always\"><\/param><embed src=\"http:\/\/www.youtube.com\/v\/rkQh7gIQfmI&#038;rel=0&#038;egm=0&#038;hl=es&#038;fs=1\" type=\"application\/x-shockwave-flash\" allowscriptaccess=\"always\" allowfullscreen=\"true\" width=\"425\" height=\"344\"><\/embed><\/object><\/a><\/font><\/p>\n","protected":false},"excerpt":{"rendered":"<p>Yungay 30 de abril, Comercial Copelec reinaugura tienda en Yungay la cu\u00e1l se encuentra ubicada en Calle Angamos. El nuevo local de 500 m2 permitir\u00e1 una mejor atenci\u00f3n a los clientes, as\u00ed lo manifest\u00f3&#46;&#46;&#46;<\/p>\n","protected":false},"author":2,"featured_media":15297,"comment_status":"open","ping_status":"open","sticky":false,"template":"","format":"standard","meta":{"footnotes":""},"categories":[1],"tags":[205,1115,6],"class_list":["post-3477","post","type-post","status-publish","format-standard","has-post-thumbnail","hentry","category-noticias","tag-comercial-copelec-yungay","tag-noticias","tag-yungayino"],"_links":{"self":[{"href":"https:\/\/www.yungayino.cl\/noticias\/index.php?rest_route=\/wp\/v2\/posts\/3477","targetHints":{"allow":["GET"]}}],"collection":[{"href":"https:\/\/www.yungayino.cl\/noticias\/index.php?rest_route=\/wp\/v2\/posts"}],"about":[{"href":"https:\/\/www.yungayino.cl\/noticias\/index.php?rest_route=\/wp\/v2\/types\/post"}],"author":[{"embeddable":true,"href":"https:\/\/www.yungayino.cl\/noticias\/index.php?rest_route=\/wp\/v2\/users\/2"}],"replies":[{"embeddable":true,"href":"https:\/\/www.yungayino.cl\/noticias\/index.php?rest_route=%2Fwp%2Fv2%2Fcomments&post=3477"}],"version-history":[{"count":7,"href":"https:\/\/www.yungayino.cl\/noticias\/index.php?rest_route=\/wp\/v2\/posts\/3477\/revisions"}],"predecessor-version":[{"id":3484,"href":"https:\/\/www.yungayino.cl\/noticias\/index.php?rest_route=\/wp\/v2\/posts\/3477\/revisions\/3484"}],"wp:featuredmedia":[{"embeddable":true,"href":"https:\/\/www.yungayino.cl\/noticias\/index.php?rest_route=\/wp\/v2\/media\/15297"}],"wp:attachment":[{"href":"https:\/\/www.yungayino.cl\/noticias\/index.php?rest_route=%2Fwp%2Fv2%2Fmedia&parent=3477"}],"wp:term":[{"taxonomy":"category","embeddable":true,"href":"https:\/\/www.yungayino.cl\/noticias\/index.php?rest_route=%2Fwp%2Fv2%2Fcategories&post=3477"},{"taxonomy":"post_tag","embeddable":true,"href":"https:\/\/www.yungayino.cl\/noticias\/index.php?rest_route=%2Fwp%2Fv2%2Ftags&post=3477"}],"curies":[{"name":"wp","href":"https:\/\/api.w.org\/{rel}","templated":true}]}}