{"id":3502,"date":"2010-05-05T13:00:32","date_gmt":"2010-05-05T17:00:32","guid":{"rendered":"http:\/\/www.yungayino.cl\/noticias\/?p=3502"},"modified":"2010-05-05T14:47:48","modified_gmt":"2010-05-05T18:47:48","slug":"un-feliz-reencuentro-familiar-tras-15-anos-de-ausencia-en-yungay","status":"publish","type":"post","link":"https:\/\/www.yungayino.cl\/noticias\/?p=3502","title":{"rendered":"Un Feliz Reencuentro Familiar Tras 15 a\u00f1os de Ausencia en Yungay"},"content":{"rendered":"<p><img decoding=\"async\" src=\"http:\/\/www.yungayino.cl\/imagenes\/reencuentro20100505.jpg\" alt=\"Un Feliz Reencuentro Familiar Tras 15 a\u00f1os de Ausencia en Yungay\" \/><\/p>\n<p align=\"justify\"><font size=\"2\">Yungay, un feliz reencuentro familiar tras 15 a\u00f1os de ausencia se llevo a cabo en las dependencias de la Cuarta Comisar\u00eda de la comuna entre Gabriela \u00c1vila de 15 a\u00f1os, quien presenta un embarazo de 34 semanas y Patricio \u00c1vila de 38 a\u00f1os. Todo se inicio cuando Gabriela, qui\u00e9n a vivido toda su vida en un hogar de menores en Chill\u00e1n se contacto con Carabineros de Chill\u00e1n, espec\u00edficamente con Lilian Fuentes para que la ayudaran a buscar a su padre de qui\u00e9n solo sab\u00eda que ten\u00eda domicilio en Yungay, fue as\u00cd como se comunicaron con el Suboficial Claudio Amigo realizando todas las gestiones para dar con el paradero de su progenitor y realizar el ansiado encuentro, que se efectu\u00f3 hoy mi\u00e9rcoles 05 de mayo alrededor de las 10:30 horas, donde con gran alegr\u00eda se abrazaron, conversaron y manifestaron el mutuo inter\u00e9s de mantenerse en comunicaci\u00f3n. Tambi\u00e9n compartieron un desayuno junto al Capit\u00e1n Jhon Cornejo y Funcionarios.<br \/>\n<a href=\"http:\/\/www.yungayino.cl\/noticias\/?p=3502#comments\">Comente Aqu\u00ed<\/a><br \/>\n<a href=\"http:\/\/www.flickr.com\/photos\/47355566@N02\/tags\/reencuentrofamiliar\/\">Fotograf\u00edas<\/a><\/font><\/p>\n","protected":false},"excerpt":{"rendered":"<p>Yungay, un feliz reencuentro familiar tras 15 a\u00f1os de ausencia se llevo a cabo en las dependencias de la Cuarta Comisar\u00eda de la comuna entre Gabriela \u00c1vila de 15 a\u00f1os, quien presenta un embarazo&#46;&#46;&#46;<\/p>\n","protected":false},"author":2,"featured_media":15301,"comment_status":"open","ping_status":"open","sticky":false,"template":"","format":"standard","meta":{"footnotes":""},"categories":[1],"tags":[1115,8,6],"class_list":["post-3502","post","type-post","status-publish","format-standard","has-post-thumbnail","hentry","category-noticias","tag-noticias","tag-yungay","tag-yungayino"],"_links":{"self":[{"href":"https:\/\/www.yungayino.cl\/noticias\/index.php?rest_route=\/wp\/v2\/posts\/3502","targetHints":{"allow":["GET"]}}],"collection":[{"href":"https:\/\/www.yungayino.cl\/noticias\/index.php?rest_route=\/wp\/v2\/posts"}],"about":[{"href":"https:\/\/www.yungayino.cl\/noticias\/index.php?rest_route=\/wp\/v2\/types\/post"}],"author":[{"embeddable":true,"href":"https:\/\/www.yungayino.cl\/noticias\/index.php?rest_route=\/wp\/v2\/users\/2"}],"replies":[{"embeddable":true,"href":"https:\/\/www.yungayino.cl\/noticias\/index.php?rest_route=%2Fwp%2Fv2%2Fcomments&post=3502"}],"version-history":[{"count":9,"href":"https:\/\/www.yungayino.cl\/noticias\/index.php?rest_route=\/wp\/v2\/posts\/3502\/revisions"}],"predecessor-version":[{"id":3511,"href":"https:\/\/www.yungayino.cl\/noticias\/index.php?rest_route=\/wp\/v2\/posts\/3502\/revisions\/3511"}],"wp:featuredmedia":[{"embeddable":true,"href":"https:\/\/www.yungayino.cl\/noticias\/index.php?rest_route=\/wp\/v2\/media\/15301"}],"wp:attachment":[{"href":"https:\/\/www.yungayino.cl\/noticias\/index.php?rest_route=%2Fwp%2Fv2%2Fmedia&parent=3502"}],"wp:term":[{"taxonomy":"category","embeddable":true,"href":"https:\/\/www.yungayino.cl\/noticias\/index.php?rest_route=%2Fwp%2Fv2%2Fcategories&post=3502"},{"taxonomy":"post_tag","embeddable":true,"href":"https:\/\/www.yungayino.cl\/noticias\/index.php?rest_route=%2Fwp%2Fv2%2Ftags&post=3502"}],"curies":[{"name":"wp","href":"https:\/\/api.w.org\/{rel}","templated":true}]}}