{"id":3533,"date":"2010-05-06T20:00:29","date_gmt":"2010-05-07T00:00:29","guid":{"rendered":"http:\/\/www.yungayino.cl\/noticias\/?p=3533"},"modified":"2010-05-07T18:40:11","modified_gmt":"2010-05-07T22:40:11","slug":"celebracion-dia-de-la-madre-organizado-por-programa-chile-crece-contigo","status":"publish","type":"post","link":"https:\/\/www.yungayino.cl\/noticias\/?p=3533","title":{"rendered":"Celebraci\u00f3n D\u00eda de la Madre Organizado por Programa Chile Crece Contigo"},"content":{"rendered":"<p><img decoding=\"async\" src=\"http:\/\/www.yungayino.cl\/imagenes\/diamamachilecrececontigo.jpg\" alt=\"D\u00eda de la Madre organizado por Chile Crece Contigo en Yungay\" \/><\/p>\n<p align=\"justify\"><font size=\"2\">Yungay, jueves 06 de mayo a las 15:00 horas en la sede de Villa Esmeralda, se celebr\u00f3 el d\u00eda de la Madre a todas las futuras mamitas de nuestra comuna, todo organizado por un Equipo multidisciplinario del Consultorio de Campanario, Hospital Pedro Morales Campos, Representante de Municipalidad, Jardines Infantiles Integra, Junji y OPD, todos los mencionados anteriormente integran la red b\u00e1sica del programa de Chile Crece Contigo de nuestra comuna. Las invitadas recibieron recuerdos, cuentos, material educativo, adem\u00e1s realizaron ejercicios y compartieron un c\u00f3ctel.  Asistieron a esta actividad Susana Ya\u00f1ez; Directora Hospital Pedro Morales Campos, Carolina Baeza; Departamento de Dideco en representaci\u00f3n del Alcalde Pedro Inostroza, Evelyn Villa; Departamento de Salud Comunal, Representante de Fundaci\u00f3n Integra.<br \/>\n<a href=\"http:\/\/www.yungayino.cl\/noticias\/?p=3533#comments\">Comente Aqu\u00ed<\/a><br \/>\n<a href=\"http:\/\/www.flickr.com\/photos\/45450350@N08\/tags\/diamadrechilecrececontigo\/\">Fotograf\u00edas<\/a><\/font><\/p>\n","protected":false},"excerpt":{"rendered":"<p>Yungay, jueves 06 de mayo a las 15:00 horas en la sede de Villa Esmeralda, se celebr\u00f3 el d\u00eda de la Madre a todas las futuras mamitas de nuestra comuna, todo organizado por un&#46;&#46;&#46;<\/p>\n","protected":false},"author":2,"featured_media":15305,"comment_status":"open","ping_status":"open","sticky":false,"template":"","format":"standard","meta":{"footnotes":""},"categories":[1],"tags":[210,1115,8,6],"class_list":["post-3533","post","type-post","status-publish","format-standard","has-post-thumbnail","hentry","category-noticias","tag-dia-de-la-madre-chile-crece-contigo","tag-noticias","tag-yungay","tag-yungayino"],"_links":{"self":[{"href":"https:\/\/www.yungayino.cl\/noticias\/index.php?rest_route=\/wp\/v2\/posts\/3533","targetHints":{"allow":["GET"]}}],"collection":[{"href":"https:\/\/www.yungayino.cl\/noticias\/index.php?rest_route=\/wp\/v2\/posts"}],"about":[{"href":"https:\/\/www.yungayino.cl\/noticias\/index.php?rest_route=\/wp\/v2\/types\/post"}],"author":[{"embeddable":true,"href":"https:\/\/www.yungayino.cl\/noticias\/index.php?rest_route=\/wp\/v2\/users\/2"}],"replies":[{"embeddable":true,"href":"https:\/\/www.yungayino.cl\/noticias\/index.php?rest_route=%2Fwp%2Fv2%2Fcomments&post=3533"}],"version-history":[{"count":12,"href":"https:\/\/www.yungayino.cl\/noticias\/index.php?rest_route=\/wp\/v2\/posts\/3533\/revisions"}],"predecessor-version":[{"id":3551,"href":"https:\/\/www.yungayino.cl\/noticias\/index.php?rest_route=\/wp\/v2\/posts\/3533\/revisions\/3551"}],"wp:featuredmedia":[{"embeddable":true,"href":"https:\/\/www.yungayino.cl\/noticias\/index.php?rest_route=\/wp\/v2\/media\/15305"}],"wp:attachment":[{"href":"https:\/\/www.yungayino.cl\/noticias\/index.php?rest_route=%2Fwp%2Fv2%2Fmedia&parent=3533"}],"wp:term":[{"taxonomy":"category","embeddable":true,"href":"https:\/\/www.yungayino.cl\/noticias\/index.php?rest_route=%2Fwp%2Fv2%2Fcategories&post=3533"},{"taxonomy":"post_tag","embeddable":true,"href":"https:\/\/www.yungayino.cl\/noticias\/index.php?rest_route=%2Fwp%2Fv2%2Ftags&post=3533"}],"curies":[{"name":"wp","href":"https:\/\/api.w.org\/{rel}","templated":true}]}}