{"id":357,"date":"2009-02-07T00:00:34","date_gmt":"2009-02-07T04:00:34","guid":{"rendered":"http:\/\/www.yungayino.cl\/noticias\/?p=357"},"modified":"2009-02-07T01:49:50","modified_gmt":"2009-02-07T05:49:50","slug":"quinta-jornada-feria-costumbrista-yungay","status":"publish","type":"post","link":"https:\/\/www.yungayino.cl\/noticias\/?p=357","title":{"rendered":"Quinta Jornada Feria Costumbrista Yungay"},"content":{"rendered":"<p><img decoding=\"async\" src=\"http:\/\/www.yungayino.cl\/imagenes\/01.jpg\" alt=\"Conjunto Folkl\u00f3rico Surcos de mi Tierra\" \/><img decoding=\"async\" src=\"http:\/\/www.yungayino.cl\/imagenes\/02.jpg\" alt=\"Don Delfa y sus Amigos\" \/><img decoding=\"async\" src=\"http:\/\/www.yungayino.cl\/imagenes\/03.jpg\" alt=\"D\u00fao Quelentaro\" \/><img decoding=\"async\" src=\"http:\/\/www.yungayino.cl\/imagenes\/04.jpg\" alt=\"D\u00fao Entrelagos\" \/><\/p>\n<p align=\"justify\"><font size=\"2\">Hoy viernes se llev\u00f3 a cabo una nueva jornada de la Feria Costumbrista donde inicio el show el Conjunto Folkl\u00f3rico Surcos de mi Tierra, integrado por adultos mayores de Tucapel y Huepil. Continu\u00f3 Don Delfa y sus Amigos, Conjunto local dirigido por el profesor Ram\u00f3n Pino y acompa\u00f1ado por alumnos y ex alumnos. El D\u00fao Entrelagos destac\u00f3 por sus cuecas y el encantador sonido del Arpa.<br \/>\nFinalmente sali\u00f3 a escena el D\u00fao Quelentaro, Conjunto integrado por los hermanos Eduardo y Gast\u00f3n Guzm\u00e1n, nacidos en Angol y actualmente radicados en Santiago, deleitaron al p\u00fablico con una variada M\u00fasica Popular, pero solemne. <a href=\"http:\/\/www.flickr.com\/photos\/35068463@N04\/tags\/d%C3%BAoquelentaroenyungay\/\">Fotograf\u00edas<\/a><\/font><\/p>\n","protected":false},"excerpt":{"rendered":"<p>Hoy viernes se llev\u00f3 a cabo una nueva jornada de la Feria Costumbrista donde inicio el show el Conjunto Folkl\u00f3rico Surcos de mi Tierra, integrado por adultos mayores de Tucapel y Huepil. Continu\u00f3 Don&#46;&#46;&#46;<\/p>\n","protected":false},"author":2,"featured_media":14904,"comment_status":"open","ping_status":"open","sticky":false,"template":"","format":"standard","meta":{"footnotes":""},"categories":[1],"tags":[1117,8,6],"class_list":["post-357","post","type-post","status-publish","format-standard","has-post-thumbnail","hentry","category-noticias","tag-eventos","tag-yungay","tag-yungayino"],"_links":{"self":[{"href":"https:\/\/www.yungayino.cl\/noticias\/index.php?rest_route=\/wp\/v2\/posts\/357","targetHints":{"allow":["GET"]}}],"collection":[{"href":"https:\/\/www.yungayino.cl\/noticias\/index.php?rest_route=\/wp\/v2\/posts"}],"about":[{"href":"https:\/\/www.yungayino.cl\/noticias\/index.php?rest_route=\/wp\/v2\/types\/post"}],"author":[{"embeddable":true,"href":"https:\/\/www.yungayino.cl\/noticias\/index.php?rest_route=\/wp\/v2\/users\/2"}],"replies":[{"embeddable":true,"href":"https:\/\/www.yungayino.cl\/noticias\/index.php?rest_route=%2Fwp%2Fv2%2Fcomments&post=357"}],"version-history":[{"count":6,"href":"https:\/\/www.yungayino.cl\/noticias\/index.php?rest_route=\/wp\/v2\/posts\/357\/revisions"}],"predecessor-version":[{"id":363,"href":"https:\/\/www.yungayino.cl\/noticias\/index.php?rest_route=\/wp\/v2\/posts\/357\/revisions\/363"}],"wp:featuredmedia":[{"embeddable":true,"href":"https:\/\/www.yungayino.cl\/noticias\/index.php?rest_route=\/wp\/v2\/media\/14904"}],"wp:attachment":[{"href":"https:\/\/www.yungayino.cl\/noticias\/index.php?rest_route=%2Fwp%2Fv2%2Fmedia&parent=357"}],"wp:term":[{"taxonomy":"category","embeddable":true,"href":"https:\/\/www.yungayino.cl\/noticias\/index.php?rest_route=%2Fwp%2Fv2%2Fcategories&post=357"},{"taxonomy":"post_tag","embeddable":true,"href":"https:\/\/www.yungayino.cl\/noticias\/index.php?rest_route=%2Fwp%2Fv2%2Ftags&post=357"}],"curies":[{"name":"wp","href":"https:\/\/api.w.org\/{rel}","templated":true}]}}