{"id":3678,"date":"2010-07-14T17:00:15","date_gmt":"2010-07-14T21:00:15","guid":{"rendered":"http:\/\/www.yungayino.cl\/noticias\/?p=3678"},"modified":"2010-07-15T17:37:32","modified_gmt":"2010-07-15T21:37:32","slug":"yungay-tambien-celebrara-el-%e2%80%9cdia-del-campesino%e2%80%9d","status":"publish","type":"post","link":"https:\/\/www.yungayino.cl\/noticias\/?p=3678","title":{"rendered":"Yungay Tambi\u00e9n Celebrara el \u201cD\u00eda del Campesino\u201d"},"content":{"rendered":"<p><img decoding=\"async\" src=\"http:\/\/www.yungayino.cl\/imagenes\/diacampesino.jpg\" alt=\"Yungay Tambi\u00e9n Celebrara el \u201cD\u00eda del Campesino\u201d\" \/><\/p>\n<p align=\"justify\"><font size=\"2\">La celebraci\u00f3n del \u201cD\u00eda del Campesino \u201c, recuerda la promulgaci\u00f3n de la Ley N\u00ba 16.640 de la Reforma Agraria, el 28 de julio de 1967, hito crucial del Gobierno de Eduardo Frei Montalva, cuyo prop\u00f3sito fue garantizar una distribuci\u00f3n m\u00e1s equitativa de la propiedad de la tierra, lograr un incremento de la producci\u00f3n agr\u00edcola y eliminar las trabas sociales y mala calidad de vida que afectaban a la poblaci\u00f3n campesina de la \u00e9poca. En Yungay la celebraci\u00f3n se realizara el d\u00eda 30 de julio donde representantes de INDAP y dirigentes rurales premiaran a los agricultores m\u00e1s destacado de la comuna, cabe destacar que en la regi\u00f3n se realizar\u00e1n adem\u00e1s otras celebraciones, organizadas por los Comit\u00e9s de Agencias de \u00c1reas de INDAP, la Federaci\u00f3n Sindical Campesinos de \u00d1uble y la Asociaci\u00f3n Nacional de Mujeres Rurales e Ind\u00edgenas (ANAMURI). En estas actividades participar\u00e1n organizaciones campesinas locales, provinciales, regionales y nacionales, adem\u00e1s de cantores populares, quienes entregar\u00e1n alegr\u00eda, entretenci\u00f3n y mensajes a los campesinos el d\u00eda 28 de julio en la comuna de Tom\u00e9.<br \/>\n<a href=\"http:\/\/www.yungayino.cl\/noticias\/?p=3678#comments\">Comente Aqu\u00ed<\/a><\/font><\/p>\n","protected":false},"excerpt":{"rendered":"<p>La celebraci\u00f3n del \u201cD\u00eda del Campesino \u201c, recuerda la promulgaci\u00f3n de la Ley N\u00ba 16.640 de la Reforma Agraria, el 28 de julio de 1967, hito crucial del Gobierno de Eduardo Frei Montalva, cuyo&#46;&#46;&#46;<\/p>\n","protected":false},"author":2,"featured_media":15325,"comment_status":"open","ping_status":"open","sticky":false,"template":"","format":"standard","meta":{"footnotes":""},"categories":[1],"tags":[224,1115,8,6],"class_list":["post-3678","post","type-post","status-publish","format-standard","has-post-thumbnail","hentry","category-noticias","tag-dia-del-campesino","tag-noticias","tag-yungay","tag-yungayino"],"_links":{"self":[{"href":"https:\/\/www.yungayino.cl\/noticias\/index.php?rest_route=\/wp\/v2\/posts\/3678","targetHints":{"allow":["GET"]}}],"collection":[{"href":"https:\/\/www.yungayino.cl\/noticias\/index.php?rest_route=\/wp\/v2\/posts"}],"about":[{"href":"https:\/\/www.yungayino.cl\/noticias\/index.php?rest_route=\/wp\/v2\/types\/post"}],"author":[{"embeddable":true,"href":"https:\/\/www.yungayino.cl\/noticias\/index.php?rest_route=\/wp\/v2\/users\/2"}],"replies":[{"embeddable":true,"href":"https:\/\/www.yungayino.cl\/noticias\/index.php?rest_route=%2Fwp%2Fv2%2Fcomments&post=3678"}],"version-history":[{"count":3,"href":"https:\/\/www.yungayino.cl\/noticias\/index.php?rest_route=\/wp\/v2\/posts\/3678\/revisions"}],"predecessor-version":[{"id":3681,"href":"https:\/\/www.yungayino.cl\/noticias\/index.php?rest_route=\/wp\/v2\/posts\/3678\/revisions\/3681"}],"wp:featuredmedia":[{"embeddable":true,"href":"https:\/\/www.yungayino.cl\/noticias\/index.php?rest_route=\/wp\/v2\/media\/15325"}],"wp:attachment":[{"href":"https:\/\/www.yungayino.cl\/noticias\/index.php?rest_route=%2Fwp%2Fv2%2Fmedia&parent=3678"}],"wp:term":[{"taxonomy":"category","embeddable":true,"href":"https:\/\/www.yungayino.cl\/noticias\/index.php?rest_route=%2Fwp%2Fv2%2Fcategories&post=3678"},{"taxonomy":"post_tag","embeddable":true,"href":"https:\/\/www.yungayino.cl\/noticias\/index.php?rest_route=%2Fwp%2Fv2%2Ftags&post=3678"}],"curies":[{"name":"wp","href":"https:\/\/api.w.org\/{rel}","templated":true}]}}