{"id":3692,"date":"2010-07-24T21:00:30","date_gmt":"2010-07-25T01:00:30","guid":{"rendered":"http:\/\/www.yungayino.cl\/noticias\/?p=3692"},"modified":"2010-07-25T11:49:40","modified_gmt":"2010-07-25T15:49:40","slug":"incendio-afecto-a-la-comuna-de-yungay","status":"publish","type":"post","link":"https:\/\/www.yungayino.cl\/noticias\/?p=3692","title":{"rendered":"Incendio Afecto a la Comuna de Yungay"},"content":{"rendered":"<p><img decoding=\"async\" src=\"http:\/\/www.yungayino.cl\/imagenes\/incendio20100723.jpg\" alt=\"Incendio en calle angamos de Yungay\" \/><\/p>\n<p align=\"justify\"><font size=\"2\">Yungay, a las 14:40 horas del viernes 23 de Julio se dio el aviso de alarma de incendio a la cu\u00e1l concurrieron todas las Compa\u00f1\u00edas de Bomberos de la comuna. El incendio que se produjo en una \u00e1rea de alta concurrencia comercial y que  afecto todo un segundo piso que se utilizaba como casa habitaci\u00f3n ubicada en Calle Angamos N\u00ba 66 \u201dB\u201d, el cu\u00e1l es de propiedad de Francisco San Mart\u00edn. Producto del siniestro y la gran cantidad de agua utilizada para controlar el incendio se vieron paralizadas las actividades de las casas comerciales de\u201d Santa In\u00e9s\u201d y el conocido Bazar- Paqueter\u00eda \u201cDon Goyo\u201d, tambi\u00e9n se vieron afectados dos voluntarios con lesiones leves. Personal de Carabineros \u201cLabocar\u201d concurri\u00f3 al d\u00eda siguiente y es qui\u00e9n determinara las causas del incendio.<br \/>\n<a href=\"http:\/\/www.flickr.com\/search\/?q=incendio20100723&#038;m=tags&#038;w=52350252%40N05&#038;z=m\">Fotograf\u00edas<\/a><\/font><\/p>\n","protected":false},"excerpt":{"rendered":"<p>Yungay, a las 14:40 horas del viernes 23 de Julio se dio el aviso de alarma de incendio a la cu\u00e1l concurrieron todas las Compa\u00f1\u00edas de Bomberos de la comuna. El incendio que se&#46;&#46;&#46;<\/p>\n","protected":false},"author":2,"featured_media":15327,"comment_status":"open","ping_status":"open","sticky":false,"template":"","format":"standard","meta":{"footnotes":""},"categories":[1],"tags":[1115,8,6],"class_list":["post-3692","post","type-post","status-publish","format-standard","has-post-thumbnail","hentry","category-noticias","tag-noticias","tag-yungay","tag-yungayino"],"_links":{"self":[{"href":"https:\/\/www.yungayino.cl\/noticias\/index.php?rest_route=\/wp\/v2\/posts\/3692","targetHints":{"allow":["GET"]}}],"collection":[{"href":"https:\/\/www.yungayino.cl\/noticias\/index.php?rest_route=\/wp\/v2\/posts"}],"about":[{"href":"https:\/\/www.yungayino.cl\/noticias\/index.php?rest_route=\/wp\/v2\/types\/post"}],"author":[{"embeddable":true,"href":"https:\/\/www.yungayino.cl\/noticias\/index.php?rest_route=\/wp\/v2\/users\/2"}],"replies":[{"embeddable":true,"href":"https:\/\/www.yungayino.cl\/noticias\/index.php?rest_route=%2Fwp%2Fv2%2Fcomments&post=3692"}],"version-history":[{"count":6,"href":"https:\/\/www.yungayino.cl\/noticias\/index.php?rest_route=\/wp\/v2\/posts\/3692\/revisions"}],"predecessor-version":[{"id":3698,"href":"https:\/\/www.yungayino.cl\/noticias\/index.php?rest_route=\/wp\/v2\/posts\/3692\/revisions\/3698"}],"wp:featuredmedia":[{"embeddable":true,"href":"https:\/\/www.yungayino.cl\/noticias\/index.php?rest_route=\/wp\/v2\/media\/15327"}],"wp:attachment":[{"href":"https:\/\/www.yungayino.cl\/noticias\/index.php?rest_route=%2Fwp%2Fv2%2Fmedia&parent=3692"}],"wp:term":[{"taxonomy":"category","embeddable":true,"href":"https:\/\/www.yungayino.cl\/noticias\/index.php?rest_route=%2Fwp%2Fv2%2Fcategories&post=3692"},{"taxonomy":"post_tag","embeddable":true,"href":"https:\/\/www.yungayino.cl\/noticias\/index.php?rest_route=%2Fwp%2Fv2%2Ftags&post=3692"}],"curies":[{"name":"wp","href":"https:\/\/api.w.org\/{rel}","templated":true}]}}