{"id":4010,"date":"2010-09-13T14:00:57","date_gmt":"2010-09-13T18:00:57","guid":{"rendered":"http:\/\/www.yungayino.cl\/noticias\/?p=4010"},"modified":"2010-09-13T15:25:42","modified_gmt":"2010-09-13T19:25:42","slug":"liceo-a-17-de-yungay-realizo-acto-civico-y-muestra-pictorica-bicentenario","status":"publish","type":"post","link":"https:\/\/www.yungayino.cl\/noticias\/?p=4010","title":{"rendered":"Liceo A-17 de Yungay Realiz\u00f3 Acto C\u00edvico y Muestra Pict\u00f3rica Bicentenario"},"content":{"rendered":"<p><img decoding=\"async\" src=\"http:\/\/www.yungayino.cl\/imagenes\/bicentenario20100913.jpg\" alt=\"Acto C\u00edvico y Muestra Pict\u00f3rica en Yungay\" \/><\/p>\n<p style=\"text-align: justify;\"><span style=\"font-family: arial,helvetica,sans-serif;\"><span style=\"font-size: small;\">Yungay, 13 de septiembre en el Ode\u00f3n de la Plaza Iquique se realiz\u00f3 acto c\u00edvico y una muestra pict\u00f3rica organizada por el Liceo A-17 de Yungay, donde asistieron el alcalde Pedro Inostroza y autoridades locales. El acto comenz\u00f3 con el entonamiento del Himno nacional, en compa\u00f1\u00eda del coro Bicentenario del Liceo, mientras que el izado del pabell\u00f3n nacional lo realizaron los docentes Lemsy Pinilla y Jorge Campos, para luego continuar con una muestra folkl\u00f3rica de la danza nacional y un esquinazo con el \u201cGrupo Integraci\u00f3n Liceo\u201d. Finalmente la  Directora del Liceo Ang\u00e9lica Reyes y la Jefa Daem Eugenia L\u00f3pez invitaron al Alcalde al tradicional corte de cinta de la Exposici\u00f3n Pict\u00f3rica.<\/span><\/span><\/p>\n<p style=\"text-align: justify;\"><span style=\"font-family: arial,helvetica,sans-serif;\"><span style=\"font-size: small;\"><a href=\"http:\/\/www.yungayino.cl\/noticias\/?p=4010#comments\">Comente Aqu\u00ed<\/a><\/span><\/span><\/p>\n<p><a href=\"http:\/\/www.facebook.com\/album.php?aid=44254&amp;id=159561284058919&amp;saved\"><span style=\"font-family: arial,helvetica,sans-serif;\"><span style=\"font-size: small;\">Fotograf\u00edas<\/span><\/span><\/a><\/p>\n","protected":false},"excerpt":{"rendered":"<p>Yungay, 13 de septiembre en el Ode\u00f3n de la Plaza Iquique se realiz\u00f3 acto c\u00edvico y una muestra pict\u00f3rica organizada por el Liceo A-17 de Yungay, donde asistieron el alcalde Pedro Inostroza y autoridades&#46;&#46;&#46;<\/p>\n","protected":false},"author":2,"featured_media":15366,"comment_status":"open","ping_status":"open","sticky":false,"template":"","format":"standard","meta":{"footnotes":""},"categories":[1],"tags":[1115,8,6],"class_list":["post-4010","post","type-post","status-publish","format-standard","has-post-thumbnail","hentry","category-noticias","tag-noticias","tag-yungay","tag-yungayino"],"_links":{"self":[{"href":"https:\/\/www.yungayino.cl\/noticias\/index.php?rest_route=\/wp\/v2\/posts\/4010","targetHints":{"allow":["GET"]}}],"collection":[{"href":"https:\/\/www.yungayino.cl\/noticias\/index.php?rest_route=\/wp\/v2\/posts"}],"about":[{"href":"https:\/\/www.yungayino.cl\/noticias\/index.php?rest_route=\/wp\/v2\/types\/post"}],"author":[{"embeddable":true,"href":"https:\/\/www.yungayino.cl\/noticias\/index.php?rest_route=\/wp\/v2\/users\/2"}],"replies":[{"embeddable":true,"href":"https:\/\/www.yungayino.cl\/noticias\/index.php?rest_route=%2Fwp%2Fv2%2Fcomments&post=4010"}],"version-history":[{"count":4,"href":"https:\/\/www.yungayino.cl\/noticias\/index.php?rest_route=\/wp\/v2\/posts\/4010\/revisions"}],"predecessor-version":[{"id":4014,"href":"https:\/\/www.yungayino.cl\/noticias\/index.php?rest_route=\/wp\/v2\/posts\/4010\/revisions\/4014"}],"wp:featuredmedia":[{"embeddable":true,"href":"https:\/\/www.yungayino.cl\/noticias\/index.php?rest_route=\/wp\/v2\/media\/15366"}],"wp:attachment":[{"href":"https:\/\/www.yungayino.cl\/noticias\/index.php?rest_route=%2Fwp%2Fv2%2Fmedia&parent=4010"}],"wp:term":[{"taxonomy":"category","embeddable":true,"href":"https:\/\/www.yungayino.cl\/noticias\/index.php?rest_route=%2Fwp%2Fv2%2Fcategories&post=4010"},{"taxonomy":"post_tag","embeddable":true,"href":"https:\/\/www.yungayino.cl\/noticias\/index.php?rest_route=%2Fwp%2Fv2%2Ftags&post=4010"}],"curies":[{"name":"wp","href":"https:\/\/api.w.org\/{rel}","templated":true}]}}