{"id":4039,"date":"2010-09-14T23:00:28","date_gmt":"2010-09-15T03:00:28","guid":{"rendered":"http:\/\/www.yungayino.cl\/noticias\/?p=4039"},"modified":"2010-09-14T23:30:27","modified_gmt":"2010-09-15T03:30:27","slug":"se-inaugura-nuevo-jardin-y-sala-cuna-en-yungay","status":"publish","type":"post","link":"https:\/\/www.yungayino.cl\/noticias\/?p=4039","title":{"rendered":"Se Inaugura Nuevo Jard\u00edn y Sala Cuna en Yungay"},"content":{"rendered":"<p><img loading=\"lazy\" decoding=\"async\" src=\"http:\/\/www.yungayino.cl\/imagenes\/salacunatrilaleo.jpg\" alt=\"Inauguraci\u00f3n de Sala Cuna y Jard\u00edn en Villa Trilaleo\" width=\"500\" height=\"200\" \/><\/p>\n<p><span style=\"font-family: arial,helvetica,sans-serif;\"><span style=\"font-size: small;\">Yungay, 14 de septiembre a las 11:00 horas se inaugur\u00f3 la nueva Sala Cuna y Jard\u00edn Infantil \u201cMundo de Amor \u201cen Yungay, el cu\u00e1l esta ubicado en Villa Trilaleo. La nueva obra permitir\u00e1 que ni\u00f1os y ni\u00f1as reciban educaci\u00f3n de calidad desde la cuna y de esta forma lograr darles oportunidades sin importarles su origen. La inauguraci\u00f3n cont\u00f3 con la presencia del Administrador Municipal H\u00e9ctor Cisterna y el Representante Junji Regional Samuel Acu\u00f1a, adem\u00e1s de las autoridades locales, quienes realizaron el tradicional corte de cinta para luego recorrer las nuevas instalaciones y finalmente compartir un coctel.<\/span><\/span><\/p>\n<p><a href=\"http:\/\/www.facebook.com\/yungayino.cl?v=wall&amp;story_fbid=154191631271350&amp;ref=notif&amp;notif_t=share_comment#!\/album.php?aid=44389&amp;id=159561284058919&amp;ref=mf\"><span style=\"font-family: arial,helvetica,sans-serif;\"><span style=\"font-size: small;\">Fotograf\u00edas<\/span><\/span><\/a><\/p>\n","protected":false},"excerpt":{"rendered":"<p>Yungay, 14 de septiembre a las 11:00 horas se inaugur\u00f3 la nueva Sala Cuna y Jard\u00edn Infantil \u201cMundo de Amor \u201cen Yungay, el cu\u00e1l esta ubicado en Villa Trilaleo. La nueva obra permitir\u00e1 que&#46;&#46;&#46;<\/p>\n","protected":false},"author":2,"featured_media":15370,"comment_status":"open","ping_status":"open","sticky":false,"template":"","format":"standard","meta":{"footnotes":""},"categories":[1],"tags":[1115,245,8,6],"class_list":["post-4039","post","type-post","status-publish","format-standard","has-post-thumbnail","hentry","category-noticias","tag-noticias","tag-sala-cuna-y-jardin-infantil-villa-trilaleo","tag-yungay","tag-yungayino"],"_links":{"self":[{"href":"https:\/\/www.yungayino.cl\/noticias\/index.php?rest_route=\/wp\/v2\/posts\/4039","targetHints":{"allow":["GET"]}}],"collection":[{"href":"https:\/\/www.yungayino.cl\/noticias\/index.php?rest_route=\/wp\/v2\/posts"}],"about":[{"href":"https:\/\/www.yungayino.cl\/noticias\/index.php?rest_route=\/wp\/v2\/types\/post"}],"author":[{"embeddable":true,"href":"https:\/\/www.yungayino.cl\/noticias\/index.php?rest_route=\/wp\/v2\/users\/2"}],"replies":[{"embeddable":true,"href":"https:\/\/www.yungayino.cl\/noticias\/index.php?rest_route=%2Fwp%2Fv2%2Fcomments&post=4039"}],"version-history":[{"count":4,"href":"https:\/\/www.yungayino.cl\/noticias\/index.php?rest_route=\/wp\/v2\/posts\/4039\/revisions"}],"predecessor-version":[{"id":4042,"href":"https:\/\/www.yungayino.cl\/noticias\/index.php?rest_route=\/wp\/v2\/posts\/4039\/revisions\/4042"}],"wp:featuredmedia":[{"embeddable":true,"href":"https:\/\/www.yungayino.cl\/noticias\/index.php?rest_route=\/wp\/v2\/media\/15370"}],"wp:attachment":[{"href":"https:\/\/www.yungayino.cl\/noticias\/index.php?rest_route=%2Fwp%2Fv2%2Fmedia&parent=4039"}],"wp:term":[{"taxonomy":"category","embeddable":true,"href":"https:\/\/www.yungayino.cl\/noticias\/index.php?rest_route=%2Fwp%2Fv2%2Fcategories&post=4039"},{"taxonomy":"post_tag","embeddable":true,"href":"https:\/\/www.yungayino.cl\/noticias\/index.php?rest_route=%2Fwp%2Fv2%2Ftags&post=4039"}],"curies":[{"name":"wp","href":"https:\/\/api.w.org\/{rel}","templated":true}]}}