{"id":4079,"date":"2010-09-16T23:00:00","date_gmt":"2010-09-17T03:00:00","guid":{"rendered":"http:\/\/www.yungayino.cl\/noticias\/?p=4079"},"modified":"2010-09-24T19:52:06","modified_gmt":"2010-09-24T23:52:06","slug":"yungay-comenzo-a-celebrar-la-fiesta-del-bicentenario","status":"publish","type":"post","link":"https:\/\/www.yungayino.cl\/noticias\/?p=4079","title":{"rendered":"Yungay Comenz\u00f3 a Celebrar la Fiesta del Bicentenario"},"content":{"rendered":"<p><img decoding=\"async\" src=\"http:\/\/www.yungayino.cl\/imagenes\/inauguracionramadas20100916.jpg\" alt=\"YUNGAYINOI.CL - Inauguraci\u00f3n Ramadas en Yungay\" \/><\/p>\n<p><span style=\"font-family: arial,helvetica,sans-serif;\"><span style=\"font-size: small;\">Yungay, jueves 16 de septiembre en medio de gran jolgorio popular, a partir de las 16:30 horas se comenz\u00f3 con la inauguraci\u00f3n de las ramadas en la comuna, siendo la ramada del sector rural cordillerano de Los Mayos la primera en abrirse con el tradicional corte de cinta y cueca. Desde el inicio de la inauguraci\u00f3n se cont\u00f3 con una comitiva encabezada por el Alcalde Pedro Inostroza y el Capit\u00e1n Jhon Cornejo, quienes compartieron en todo momento con el p\u00fablico que esperaba la apertura de las fondas, adem\u00e1s de Concejales y funcionarios municipales. Luego se continu\u00f3 con el resto de las ramadas del sector rural, donde se destac\u00f3 la preocupaci\u00f3n de los fonderos por la decoraci\u00f3n de sus locales, quienes hicieron una invitaci\u00f3n a la comunidad y visitantes a degustar de las ricas empanadas, ponches y cuecas para brindar y bailar por un nuevo aniversario de la Patria. Finalmente alrededor de las 21:00 horas fue el turno de la inauguraci\u00f3n de las fondas de la zona urbana, donde la primera autoridad comparti\u00f3 y bail\u00f3 nuestro baile nacional, haciendo tambi\u00e9n un llamado a la comunidad a compartir en unidad y disfrutar de esta fiesta del Bicentenario, adem\u00e1s cabe destacar que hizo entrega a cada fondero de una estatuilla de recuerdo de esta fecha tan importante para los chilenos. El equipo del Portal acompa\u00f1o el recorrido de casi 7 horas para llevar a los yungayinos que se encuentran en la comuna y fuera del pa\u00eds los detalles y las mejores fotograf\u00edas de la inauguraci\u00f3n de las ramadas del Bicentenario.<br \/>\n<\/span><\/span><\/p>\n<p><span style=\"font-family: arial,helvetica,sans-serif;\"><span style=\"font-size: small;\"><a href=\"http:\/\/www.yungayino.cl\/noticias\/?p=4079#comments\">Comente Aqu\u00ed<\/a><\/span><\/span><\/p>\n<p><span style=\"font-family: arial,helvetica,sans-serif;\"><span style=\"font-size: small;\"><a href=\"http:\/\/www.facebook.com\/album.php?aid=44808&amp;id=159561284058919&amp;saved\">Fotograf\u00edas Ramada Sector Los Mayos <\/a><br \/>\n<\/span><\/span><\/p>\n<p><a href=\"http:\/\/www.facebook.com\/album.php?aid=44810&amp;id=159561284058919&amp;saved\"><span style=\"font-family: arial,helvetica,sans-serif;\"><span style=\"font-size: small;\">Fotograf\u00edas Ramada Sector El Roble<\/span><\/span><\/a><\/p>\n<p><span style=\"font-family: arial,helvetica,sans-serif;\"><span style=\"font-size: small;\"><a href=\"http:\/\/www.facebook.com\/album.php?aid=44812&amp;id=159561284058919&amp;saved\">Fotograf\u00edas Ramada Ranchillo Bajo<\/a><\/span><\/span><\/p>\n<p><span style=\"font-family: arial,helvetica,sans-serif;\"><span style=\"font-size: small;\"><a href=\"http:\/\/www.facebook.com\/album.php?aid=44814&amp;id=159561284058919&amp;saved\">Fotograf\u00edas Ramada San Miguel de Itata<\/a><\/span><\/span><\/p>\n<p><span style=\"font-family: arial,helvetica,sans-serif;\"><span style=\"font-size: small;\"><a href=\"http:\/\/www.facebook.com\/album.php?aid=44816&amp;id=159561284058919&amp;saved\">Fotograf\u00edas Rinconada del Itata<\/a><\/span><\/span><\/p>\n<p><span style=\"font-family: arial,helvetica,sans-serif;\"><span style=\"font-size: small;\"><a href=\"http:\/\/www.facebook.com\/album.php?aid=44817&amp;id=159561284058919&amp;saved\">Fotograf\u00edas Ramadas Campanario<\/a><\/span><\/span><\/p>\n<p><span style=\"font-family: arial,helvetica,sans-serif;\"><span style=\"font-size: small;\"><a href=\"http:\/\/www.facebook.com\/album.php?aid=44819&amp;id=159561284058919&amp;saved\">Fotograf\u00edas Ramadas Yungay<\/a><\/span><\/span><\/p>\n<p><span style=\"font-family: arial,helvetica,sans-serif;\"><span style=\"font-size: small;\"><a href=\"http:\/\/www.youtube.com\/watch?v=HbaRlaxn50o\">Video Primera Cueca Bicentenario en Los Mayos<\/a><\/span><\/span><\/p>\n<p><span style=\"font-family: arial,helvetica,sans-serif;\"><span style=\"font-size: small;\"><a href=\"http:\/\/www.youtube.com\/watch?v=0ZXkHEwREcY\">Video Primera Cueca Bicentenario en Yungay<\/a><br \/>\n<\/span><\/span><\/p>\n","protected":false},"excerpt":{"rendered":"<p>Yungay, jueves 16 de septiembre en medio de gran jolgorio popular, a partir de las 16:30 horas se comenz\u00f3 con la inauguraci\u00f3n de las ramadas en la comuna, siendo la ramada del sector rural&#46;&#46;&#46;<\/p>\n","protected":false},"author":2,"featured_media":15377,"comment_status":"open","ping_status":"open","sticky":false,"template":"","format":"standard","meta":{"footnotes":""},"categories":[1],"tags":[1115,251,8,6],"class_list":["post-4079","post","type-post","status-publish","format-standard","has-post-thumbnail","hentry","category-noticias","tag-noticias","tag-ramadas","tag-yungay","tag-yungayino"],"_links":{"self":[{"href":"https:\/\/www.yungayino.cl\/noticias\/index.php?rest_route=\/wp\/v2\/posts\/4079","targetHints":{"allow":["GET"]}}],"collection":[{"href":"https:\/\/www.yungayino.cl\/noticias\/index.php?rest_route=\/wp\/v2\/posts"}],"about":[{"href":"https:\/\/www.yungayino.cl\/noticias\/index.php?rest_route=\/wp\/v2\/types\/post"}],"author":[{"embeddable":true,"href":"https:\/\/www.yungayino.cl\/noticias\/index.php?rest_route=\/wp\/v2\/users\/2"}],"replies":[{"embeddable":true,"href":"https:\/\/www.yungayino.cl\/noticias\/index.php?rest_route=%2Fwp%2Fv2%2Fcomments&post=4079"}],"version-history":[{"count":15,"href":"https:\/\/www.yungayino.cl\/noticias\/index.php?rest_route=\/wp\/v2\/posts\/4079\/revisions"}],"predecessor-version":[{"id":4149,"href":"https:\/\/www.yungayino.cl\/noticias\/index.php?rest_route=\/wp\/v2\/posts\/4079\/revisions\/4149"}],"wp:featuredmedia":[{"embeddable":true,"href":"https:\/\/www.yungayino.cl\/noticias\/index.php?rest_route=\/wp\/v2\/media\/15377"}],"wp:attachment":[{"href":"https:\/\/www.yungayino.cl\/noticias\/index.php?rest_route=%2Fwp%2Fv2%2Fmedia&parent=4079"}],"wp:term":[{"taxonomy":"category","embeddable":true,"href":"https:\/\/www.yungayino.cl\/noticias\/index.php?rest_route=%2Fwp%2Fv2%2Fcategories&post=4079"},{"taxonomy":"post_tag","embeddable":true,"href":"https:\/\/www.yungayino.cl\/noticias\/index.php?rest_route=%2Fwp%2Fv2%2Ftags&post=4079"}],"curies":[{"name":"wp","href":"https:\/\/api.w.org\/{rel}","templated":true}]}}