{"id":4183,"date":"2010-09-30T18:00:33","date_gmt":"2010-09-30T22:00:33","guid":{"rendered":"http:\/\/www.yungayino.cl\/noticias\/?p=4183"},"modified":"2010-10-06T09:22:05","modified_gmt":"2010-10-06T13:22:05","slug":"general-cartoni-realiza-reconocimiento-a-yungay","status":"publish","type":"post","link":"https:\/\/www.yungayino.cl\/noticias\/?p=4183","title":{"rendered":"General Cartoni Realiza Reconocimiento a Yungay"},"content":{"rendered":"<p><img loading=\"lazy\" decoding=\"async\" src=\"http:\/\/www.yungayino.cl\/imagenes\/generalcartoni20100930.jpg\" alt=\"General Alessandro Cartoni Visit\u00f3 Yungay\" width=\"500\" height=\"200\" \/><\/p>\n<p><span style=\"font-family: arial,helvetica,sans-serif;\"><span style=\"font-size: small;\">Yungay 30 de septiembre, con un acto en el frontis de la  Municipalidad el Comandante de Ingenieros del Ejercito y Jefe del Cuerpo Militar del Trabajo General de Brigada Alessandro Cartoni Pruzzo, hizo un reconocimiento a los 82 yungayinos que trabajaron en la reconstrucci\u00f3n de nuestra comuna despu\u00e9s del terremoto del 27 de febrero. El General adem\u00e1s destac\u00f3 a la comuna como la mejor en lo que respecta a las regiones afectadas por el terremoto y de la buena disposici\u00f3n que tuvo el municipio para el trabajo en equipo de las diferentes tareas ejecutadas donde se destac\u00f3 el apoyo de la construcci\u00f3n de la Escuela Modular m\u00e1s grande de Chile. Al acto asistieron el alcalde Pedro Inostroza, el Gobernador Subrogante Gerardo Cortes, Concejales y Autoridades locales adem\u00e1s de la participaci\u00f3n de la  Banda Instrumental de Infanter\u00eda N\u00ba 9 de Chill\u00e1n.<\/span><\/span><\/p>\n<p><a href=\"http:\/\/www.yungayino.cl\/noticias\/?p=4183#comments\"><span style=\"font-family: arial,helvetica,sans-serif;\"><span style=\"font-size: small;\">Comente Aqu\u00ed<\/span><\/span><\/a><\/p>\n<p><a href=\"http:\/\/www.facebook.com\/album.php?aid=45980&amp;id=159561284058919&amp;saved\"><span style=\"font-family: arial,helvetica,sans-serif;\"><span style=\"font-size: small;\">Fotograf\u00edas<\/span><\/span><\/a><\/p>\n<p><a href=\"http:\/\/www.youtube.com\/watch?v=Ffryf6FVqVU\"><span style=\"font-family: arial,helvetica,sans-serif;\"><span style=\"font-size: small;\">Video Entrevista General Cartoni<\/span><\/span><\/a><\/p>\n","protected":false},"excerpt":{"rendered":"<p>Yungay 30 de septiembre, con un acto en el frontis de la Municipalidad el Comandante de Ingenieros del Ejercito y Jefe del Cuerpo Militar del Trabajo General de Brigada Alessandro Cartoni Pruzzo, hizo un&#46;&#46;&#46;<\/p>\n","protected":false},"author":2,"featured_media":15391,"comment_status":"open","ping_status":"open","sticky":false,"template":"","format":"standard","meta":{"footnotes":""},"categories":[1],"tags":[259,1115,8,6],"class_list":["post-4183","post","type-post","status-publish","format-standard","has-post-thumbnail","hentry","category-noticias","tag-general-alessandro-cartoni","tag-noticias","tag-yungay","tag-yungayino"],"_links":{"self":[{"href":"https:\/\/www.yungayino.cl\/noticias\/index.php?rest_route=\/wp\/v2\/posts\/4183","targetHints":{"allow":["GET"]}}],"collection":[{"href":"https:\/\/www.yungayino.cl\/noticias\/index.php?rest_route=\/wp\/v2\/posts"}],"about":[{"href":"https:\/\/www.yungayino.cl\/noticias\/index.php?rest_route=\/wp\/v2\/types\/post"}],"author":[{"embeddable":true,"href":"https:\/\/www.yungayino.cl\/noticias\/index.php?rest_route=\/wp\/v2\/users\/2"}],"replies":[{"embeddable":true,"href":"https:\/\/www.yungayino.cl\/noticias\/index.php?rest_route=%2Fwp%2Fv2%2Fcomments&post=4183"}],"version-history":[{"count":13,"href":"https:\/\/www.yungayino.cl\/noticias\/index.php?rest_route=\/wp\/v2\/posts\/4183\/revisions"}],"predecessor-version":[{"id":4201,"href":"https:\/\/www.yungayino.cl\/noticias\/index.php?rest_route=\/wp\/v2\/posts\/4183\/revisions\/4201"}],"wp:featuredmedia":[{"embeddable":true,"href":"https:\/\/www.yungayino.cl\/noticias\/index.php?rest_route=\/wp\/v2\/media\/15391"}],"wp:attachment":[{"href":"https:\/\/www.yungayino.cl\/noticias\/index.php?rest_route=%2Fwp%2Fv2%2Fmedia&parent=4183"}],"wp:term":[{"taxonomy":"category","embeddable":true,"href":"https:\/\/www.yungayino.cl\/noticias\/index.php?rest_route=%2Fwp%2Fv2%2Fcategories&post=4183"},{"taxonomy":"post_tag","embeddable":true,"href":"https:\/\/www.yungayino.cl\/noticias\/index.php?rest_route=%2Fwp%2Fv2%2Ftags&post=4183"}],"curies":[{"name":"wp","href":"https:\/\/api.w.org\/{rel}","templated":true}]}}