{"id":4202,"date":"2010-10-02T12:00:05","date_gmt":"2010-10-02T16:00:05","guid":{"rendered":"http:\/\/www.yungayino.cl\/noticias\/?p=4202"},"modified":"2010-10-02T13:04:31","modified_gmt":"2010-10-02T17:04:31","slug":"celebracion-dia-del-hospital-en-yungay","status":"publish","type":"post","link":"https:\/\/www.yungayino.cl\/noticias\/?p=4202","title":{"rendered":"Celebraci\u00f3n D\u00eda del Hospital en Yungay"},"content":{"rendered":"<p><img decoding=\"async\" src=\"http:\/\/www.yungayino.cl\/imagenes\/dishospital20101001.jpg\" alt=\"D\u00eda del Hospital en Yungay\" \/><\/p>\n<p><span style=\"font-family: arial,helvetica,sans-serif;\"><span style=\"font-size: small;\">Yungay, 2 de octubre con un variado programa de actividades el Hospital Comunitario de Salud Familiar Pedro Morales Campos esta celebrando el \u201cD\u00eda del Hospital\u201d, donde los funcionarios est\u00e1n participando en actividades recreativas, deportivas, velada con disfraces, tambi\u00e9n como forma de integrar a la comunidad en esta celebraci\u00f3n se destaca la visita guiada \u201cconociendo mi hospital\u201d donde participaron Dirigentes Sociales, estudiantes, p\u00fablico en general adem\u00e1s de los medios de comunicaci\u00f3n quienes fueron acompa\u00f1ados por la Directora  Susana Ya\u00f1ez, mostrando las instalaciones completa del recinto hospitalario.<\/span><\/span><\/p>\n<p><a href=\"http:\/\/www.yungayino.cl\/noticias\/?p=4202#comments\"><span style=\"font-family: arial,helvetica,sans-serif;\"><span style=\"font-size: small;\">Comente Aqu\u00ed<\/span><\/span><\/a><\/p>\n<p><a href=\"http:\/\/www.facebook.com\/album.php?aid=46104&amp;id=159561284058919&amp;saved\"><span style=\"font-family: arial,helvetica,sans-serif;\"><span style=\"font-size: small;\">Fotograf\u00edas<\/span><\/span><\/a><\/p>\n","protected":false},"excerpt":{"rendered":"<p>Yungay, 2 de octubre con un variado programa de actividades el Hospital Comunitario de Salud Familiar Pedro Morales Campos esta celebrando el \u201cD\u00eda del Hospital\u201d, donde los funcionarios est\u00e1n participando en actividades recreativas, deportivas,&#46;&#46;&#46;<\/p>\n","protected":false},"author":2,"featured_media":15393,"comment_status":"open","ping_status":"open","sticky":false,"template":"","format":"standard","meta":{"footnotes":""},"categories":[1],"tags":[260,1115,8,6],"class_list":["post-4202","post","type-post","status-publish","format-standard","has-post-thumbnail","hentry","category-noticias","tag-dia-hospital","tag-noticias","tag-yungay","tag-yungayino"],"_links":{"self":[{"href":"https:\/\/www.yungayino.cl\/noticias\/index.php?rest_route=\/wp\/v2\/posts\/4202","targetHints":{"allow":["GET"]}}],"collection":[{"href":"https:\/\/www.yungayino.cl\/noticias\/index.php?rest_route=\/wp\/v2\/posts"}],"about":[{"href":"https:\/\/www.yungayino.cl\/noticias\/index.php?rest_route=\/wp\/v2\/types\/post"}],"author":[{"embeddable":true,"href":"https:\/\/www.yungayino.cl\/noticias\/index.php?rest_route=\/wp\/v2\/users\/2"}],"replies":[{"embeddable":true,"href":"https:\/\/www.yungayino.cl\/noticias\/index.php?rest_route=%2Fwp%2Fv2%2Fcomments&post=4202"}],"version-history":[{"count":6,"href":"https:\/\/www.yungayino.cl\/noticias\/index.php?rest_route=\/wp\/v2\/posts\/4202\/revisions"}],"predecessor-version":[{"id":4208,"href":"https:\/\/www.yungayino.cl\/noticias\/index.php?rest_route=\/wp\/v2\/posts\/4202\/revisions\/4208"}],"wp:featuredmedia":[{"embeddable":true,"href":"https:\/\/www.yungayino.cl\/noticias\/index.php?rest_route=\/wp\/v2\/media\/15393"}],"wp:attachment":[{"href":"https:\/\/www.yungayino.cl\/noticias\/index.php?rest_route=%2Fwp%2Fv2%2Fmedia&parent=4202"}],"wp:term":[{"taxonomy":"category","embeddable":true,"href":"https:\/\/www.yungayino.cl\/noticias\/index.php?rest_route=%2Fwp%2Fv2%2Fcategories&post=4202"},{"taxonomy":"post_tag","embeddable":true,"href":"https:\/\/www.yungayino.cl\/noticias\/index.php?rest_route=%2Fwp%2Fv2%2Ftags&post=4202"}],"curies":[{"name":"wp","href":"https:\/\/api.w.org\/{rel}","templated":true}]}}