{"id":4209,"date":"2010-10-04T10:00:06","date_gmt":"2010-10-04T14:00:06","guid":{"rendered":"http:\/\/www.yungayino.cl\/noticias\/?p=4209"},"modified":"2010-10-06T09:07:49","modified_gmt":"2010-10-06T13:07:49","slug":"yungay-celebro-la-fiesta-de-san-francisco","status":"publish","type":"post","link":"https:\/\/www.yungayino.cl\/noticias\/?p=4209","title":{"rendered":"Yungay Celebr\u00f3 la Fiesta de San Francisco"},"content":{"rendered":"<p><img loading=\"lazy\" decoding=\"async\" src=\"http:\/\/www.yungayino.cl\/imagenes\/fiestasanfrancisco20101003.jpg\" alt=\"Yungay Celebr\u00f3 la Fiesta de San Francisco\" width=\"500\" height=\"200\" \/><\/p>\n<p><span style=\"font-family: arial,helvetica,sans-serif;\"><span style=\"font-size: small;\">Yungay, el domingo 03 de octubre se llevo a cabo la  Fiesta de San Francisco en el Sector Los Laureles comunidad rural distante a 15 Kms. de Yungay, la que fue organizada por el Club Deportivo Hurac\u00e1n. Esta tradicional fiesta religiosa que consiste en bendecir la siembra de trigo para pedir por una generosa cosecha y que en esta ocasi\u00f3n fue animada por Zoilo Irarr\u00e1zabal y Nelson Cisternas, hubo m\u00fasica folcl\u00f3rica y cuecas interpretadas por los Conjuntos \u201cAlbores de Lomas Coloradas\u201d de la Comuna de San Pedro de la Paz y \u201cCantares\u201d de Yungay entretuvieron a los yungayinos y visitantes que llegaron en gran cantidad, quienes pudieron degustar del asado de cordero, catutos, mote con huesillo, tortillas, empanadas, sopaipillas y de los stands, que ofrec\u00edan artesan\u00eda, productos agr\u00edcolas etc. Adem\u00e1s de la presentaci\u00f3n del \u201cEl Huaso Montero\u201d y de la m\u00fasica ranchera a cargo de \u201cLos Felinos de Yungay\u201d y \u201dRancheros del Alba\u201d, se realizaron carreras a la chilena, Juegos Populares, la Tortilla m\u00e1s grande, premiaci\u00f3n al mejor Stands y la mejor cruz vestida. A esta tradicional actividad concurrieron el Alcalde Pedro Inostroza, el Capit\u00e1n de Carabineros John Cornejo, Concejales, Representantes de Grupos Culturales y p\u00fablico en general.<\/span><\/span><\/p>\n<p><a href=\"http:\/\/www.yungayino.cl\/noticias\/?p=4209#comments\"><span style=\"font-family: arial,helvetica,sans-serif;\"><span style=\"font-size: small;\">Comente Aqu\u00ed<\/span><\/span><\/a><\/p>\n<p><a href=\"http:\/\/www.facebook.com\/album.php?aid=46288&amp;id=159561284058919&amp;saved\"><span style=\"font-family: arial,helvetica,sans-serif;\"><span style=\"font-size: small;\">Fotograf\u00edas<\/span><\/span><\/a><\/p>\n<p><span style=\"font-family: arial,helvetica,sans-serif;\"><span style=\"font-size: small;\"><img decoding=\"async\" src=\"&lt;object width=&quot;425&quot; height=&quot;344&quot;&gt;&lt;param name=&quot;movie&quot; value=&quot;http:\/\/www.youtube.com\/v\/6vidd9PlGIs?hl=es&amp;fs=1&quot;&gt;&lt;\/param&gt;&lt;param name=&quot;allowFullScreen&quot; value=&quot;true&quot;&gt;&lt;\/param&gt;&lt;param name=&quot;allowscriptaccess&quot; value=&quot;always&quot;&gt;&lt;\/param&gt;&lt;embed src=&quot;http:\/\/www.youtube.com\/v\/6vidd9PlGIs?hl=es&amp;fs=1&quot; type=&quot;application\/x-shockwave-flash&quot; allowscriptaccess=&quot;always&quot; allowfullscreen=&quot;true&quot; width=&quot;425&quot; height=&quot;344&quot;&gt;&lt;\/embed&gt;&lt;\/object&gt;\" alt=\"\" \/><a href=\"http:\/\/www.youtube.com\/watch?v=6vidd9PlGIs\">Video Alcalde<\/a><br \/>\n<\/span><\/span><\/p>\n","protected":false},"excerpt":{"rendered":"<p>Yungay, el domingo 03 de octubre se llevo a cabo la Fiesta de San Francisco en el Sector Los Laureles comunidad rural distante a 15 Kms. de Yungay, la que fue organizada por el&#46;&#46;&#46;<\/p>\n","protected":false},"author":2,"featured_media":15394,"comment_status":"open","ping_status":"open","sticky":false,"template":"","format":"standard","meta":{"footnotes":""},"categories":[1],"tags":[76,1115,8,6],"class_list":["post-4209","post","type-post","status-publish","format-standard","has-post-thumbnail","hentry","category-noticias","tag-fiesta-san-francisco","tag-noticias","tag-yungay","tag-yungayino"],"_links":{"self":[{"href":"https:\/\/www.yungayino.cl\/noticias\/index.php?rest_route=\/wp\/v2\/posts\/4209","targetHints":{"allow":["GET"]}}],"collection":[{"href":"https:\/\/www.yungayino.cl\/noticias\/index.php?rest_route=\/wp\/v2\/posts"}],"about":[{"href":"https:\/\/www.yungayino.cl\/noticias\/index.php?rest_route=\/wp\/v2\/types\/post"}],"author":[{"embeddable":true,"href":"https:\/\/www.yungayino.cl\/noticias\/index.php?rest_route=\/wp\/v2\/users\/2"}],"replies":[{"embeddable":true,"href":"https:\/\/www.yungayino.cl\/noticias\/index.php?rest_route=%2Fwp%2Fv2%2Fcomments&post=4209"}],"version-history":[{"count":10,"href":"https:\/\/www.yungayino.cl\/noticias\/index.php?rest_route=\/wp\/v2\/posts\/4209\/revisions"}],"predecessor-version":[{"id":4223,"href":"https:\/\/www.yungayino.cl\/noticias\/index.php?rest_route=\/wp\/v2\/posts\/4209\/revisions\/4223"}],"wp:featuredmedia":[{"embeddable":true,"href":"https:\/\/www.yungayino.cl\/noticias\/index.php?rest_route=\/wp\/v2\/media\/15394"}],"wp:attachment":[{"href":"https:\/\/www.yungayino.cl\/noticias\/index.php?rest_route=%2Fwp%2Fv2%2Fmedia&parent=4209"}],"wp:term":[{"taxonomy":"category","embeddable":true,"href":"https:\/\/www.yungayino.cl\/noticias\/index.php?rest_route=%2Fwp%2Fv2%2Fcategories&post=4209"},{"taxonomy":"post_tag","embeddable":true,"href":"https:\/\/www.yungayino.cl\/noticias\/index.php?rest_route=%2Fwp%2Fv2%2Ftags&post=4209"}],"curies":[{"name":"wp","href":"https:\/\/api.w.org\/{rel}","templated":true}]}}