{"id":4214,"date":"2010-10-05T10:00:28","date_gmt":"2010-10-05T14:00:28","guid":{"rendered":"http:\/\/www.yungayino.cl\/noticias\/?p=4214"},"modified":"2010-10-06T09:19:37","modified_gmt":"2010-10-06T13:19:37","slug":"delegada-provincial-de-serviu-se-reunio-con-alcalde","status":"publish","type":"post","link":"https:\/\/www.yungayino.cl\/noticias\/?p=4214","title":{"rendered":"Delegada Provincial de Serviu se Reuni\u00f3 con Alcalde"},"content":{"rendered":"<p><img loading=\"lazy\" decoding=\"async\" src=\"http:\/\/www.yungayino.cl\/imagenes\/alcaldia20101005.jpg\" alt=\"Delegada Provincial de Serviu se Reuni\u00f3 con Alcalde\" width=\"500\" height=\"200\" \/><\/p>\n<p><span style=\"font-family: arial,helvetica,sans-serif;\"><span style=\"font-size: small;\">Yungay 05 de octubre, en la Alcald\u00eda se reuni\u00f3 la Delegada Provincial de Serviu, Doris Osses y el Alcalde Pedro Inostroza acompa\u00f1ados por la Directora de Desarrollo Comunitario, Lorena Acu\u00f1a Mendoza, el encargado de viviendas Miguel Badilla Benavente y Macarena Sandoval de la\u00a0Oficina de Vivienda de nuestra comuna, quienes sostuvieron una importante reuni\u00f3n con el fin de poder ver en terreno los avances de la gesti\u00f3n de las personas que sufrieron da\u00f1os producto del terremoto y dar a conocer los\u00a0diferentes subsidios que se est\u00e1n aplicando a trav\u00e9s del proceso de reconstrucci\u00f3n, adem\u00e1s se expreso por parte del Alcalde los problemas que se han presentado en relaci\u00f3n a la b\u00fasqueda de un\u00a0terreno apto para la construcci\u00f3n de un proyecto habitacional para albergar mas de 100 personas da\u00f1adas por el terremoto y tambi\u00e9n ver lo extenuante de los procesos que ha sido para los damnificados en general.\u00a0A su vez la Delegada se comprometi\u00f3 a dar soluci\u00f3n lo antes posible a los proyectos que hay en la comuna para los postulantes de viviendas y reparaci\u00f3n\u00a0 y adem\u00e1s poder realizar las gestiones correspondientes para encontrar la mejor soluci\u00f3n a estas 100 personas agrupadas en el \u201cComit\u00e9 27 de Febrero\u201d.<\/span><\/span><\/p>\n","protected":false},"excerpt":{"rendered":"<p>Yungay 05 de octubre, en la Alcald\u00eda se reuni\u00f3 la Delegada Provincial de Serviu, Doris Osses y el Alcalde Pedro Inostroza acompa\u00f1ados por la Directora de Desarrollo Comunitario, Lorena Acu\u00f1a Mendoza, el encargado de&#46;&#46;&#46;<\/p>\n","protected":false},"author":2,"featured_media":15395,"comment_status":"open","ping_status":"open","sticky":false,"template":"","format":"standard","meta":{"footnotes":""},"categories":[1],"tags":[1115,261,8,6],"class_list":["post-4214","post","type-post","status-publish","format-standard","has-post-thumbnail","hentry","category-noticias","tag-noticias","tag-serviu","tag-yungay","tag-yungayino"],"_links":{"self":[{"href":"https:\/\/www.yungayino.cl\/noticias\/index.php?rest_route=\/wp\/v2\/posts\/4214","targetHints":{"allow":["GET"]}}],"collection":[{"href":"https:\/\/www.yungayino.cl\/noticias\/index.php?rest_route=\/wp\/v2\/posts"}],"about":[{"href":"https:\/\/www.yungayino.cl\/noticias\/index.php?rest_route=\/wp\/v2\/types\/post"}],"author":[{"embeddable":true,"href":"https:\/\/www.yungayino.cl\/noticias\/index.php?rest_route=\/wp\/v2\/users\/2"}],"replies":[{"embeddable":true,"href":"https:\/\/www.yungayino.cl\/noticias\/index.php?rest_route=%2Fwp%2Fv2%2Fcomments&post=4214"}],"version-history":[{"count":5,"href":"https:\/\/www.yungayino.cl\/noticias\/index.php?rest_route=\/wp\/v2\/posts\/4214\/revisions"}],"predecessor-version":[{"id":4218,"href":"https:\/\/www.yungayino.cl\/noticias\/index.php?rest_route=\/wp\/v2\/posts\/4214\/revisions\/4218"}],"wp:featuredmedia":[{"embeddable":true,"href":"https:\/\/www.yungayino.cl\/noticias\/index.php?rest_route=\/wp\/v2\/media\/15395"}],"wp:attachment":[{"href":"https:\/\/www.yungayino.cl\/noticias\/index.php?rest_route=%2Fwp%2Fv2%2Fmedia&parent=4214"}],"wp:term":[{"taxonomy":"category","embeddable":true,"href":"https:\/\/www.yungayino.cl\/noticias\/index.php?rest_route=%2Fwp%2Fv2%2Fcategories&post=4214"},{"taxonomy":"post_tag","embeddable":true,"href":"https:\/\/www.yungayino.cl\/noticias\/index.php?rest_route=%2Fwp%2Fv2%2Ftags&post=4214"}],"curies":[{"name":"wp","href":"https:\/\/api.w.org\/{rel}","templated":true}]}}