{"id":422,"date":"2009-02-13T17:00:08","date_gmt":"2009-02-13T21:00:08","guid":{"rendered":"http:\/\/www.yungayino.cl\/noticias\/?p=422"},"modified":"2009-02-16T23:11:07","modified_gmt":"2009-02-17T03:11:07","slug":"termino-de-escuela-de-verano-2009","status":"publish","type":"post","link":"https:\/\/www.yungayino.cl\/noticias\/?p=422","title":{"rendered":"T\u00e9rmino de Escuela de verano 2009"},"content":{"rendered":"<p><img decoding=\"async\" src=\"http:\/\/www.yungayino.cl\/imagenes\/escuelaverano20090213.jpg\" alt=\"Escuela de Verano 2009 en Yungay\" \/><img decoding=\"async\" src=\"http:\/\/www.yungayino.cl\/imagenes\/escuelaverano20090213a.jpg\" alt=\"Escuela de Verano 2009 en Yungay\" \/><\/p>\n<p align=\"justify\"><font size=\"2\">La idea fue planteada por el problema que tiene toda madre que trabaja, ya que durante el a\u00f1o sus hijos asisten al colegio, mientras que en verano tienen dificultades para dejarlos al cuidado de alguien mientras salen a trabajar. El proyecto consisti\u00f3 en cuidar y educar a los ni\u00f1os y as\u00ed fortalecer los conocimientos y ampliar las posibilidades de aprendizaje considerando las caracter\u00edsticas y potencialidades de ni\u00f1as y ni\u00f1os, los nuevos escenarios familiares y culturales del pa\u00eds y los avances de la tecnolog\u00eda. Los alumnos tuvieron clases de matem\u00e1ticas, ingles, comprensi\u00f3n del medio, artes pl\u00e1sticas, teatro, danza, canto, educaci\u00f3n f\u00edsica, cine, lenguaje y comunicaci\u00f3n. Todo esto en forma l\u00fadica con din\u00e1micas, recreaci\u00f3n, juegos y entretenci\u00f3n. Adem\u00e1s recibieron la visita de Carabineros y de tres payasos. Recibieron ayuda de privados y de la Municipalidad de Yungay. Las Integrantes fueron Carla Acu\u00f1a Rojas, estudiante de Pedagog\u00eda B\u00e1sica, Universidad de Concepci\u00f3n; Lilian Zapata Silva, estudiante de Pedagog\u00eda B\u00e1sica, Universidad San Sebasti\u00e1n; Ingrid Zapata Silva, estudiante de Ingenier\u00eda Comercial, Universidad de la Sant\u00edsima Concepci\u00f3n. Las clases comenzaron el 12 de enero y terminaron el 13 de febrero, en horarios de lunes a viernes de 08:30 a 13:00 horas. <a href=\"http:\/\/www.flickr.com\/photos\/34671469@N06\/tags\/escueladeverano2009\/\">Fotograf\u00edas<\/a><\/font><\/p>\n","protected":false},"excerpt":{"rendered":"<p>La idea fue planteada por el problema que tiene toda madre que trabaja, ya que durante el a\u00f1o sus hijos asisten al colegio, mientras que en verano tienen dificultades para dejarlos al cuidado de&#46;&#46;&#46;<\/p>\n","protected":false},"author":2,"featured_media":14891,"comment_status":"open","ping_status":"open","sticky":false,"template":"","format":"standard","meta":{"footnotes":""},"categories":[1],"tags":[1115,8,6],"class_list":["post-422","post","type-post","status-publish","format-standard","has-post-thumbnail","hentry","category-noticias","tag-noticias","tag-yungay","tag-yungayino"],"_links":{"self":[{"href":"https:\/\/www.yungayino.cl\/noticias\/index.php?rest_route=\/wp\/v2\/posts\/422","targetHints":{"allow":["GET"]}}],"collection":[{"href":"https:\/\/www.yungayino.cl\/noticias\/index.php?rest_route=\/wp\/v2\/posts"}],"about":[{"href":"https:\/\/www.yungayino.cl\/noticias\/index.php?rest_route=\/wp\/v2\/types\/post"}],"author":[{"embeddable":true,"href":"https:\/\/www.yungayino.cl\/noticias\/index.php?rest_route=\/wp\/v2\/users\/2"}],"replies":[{"embeddable":true,"href":"https:\/\/www.yungayino.cl\/noticias\/index.php?rest_route=%2Fwp%2Fv2%2Fcomments&post=422"}],"version-history":[{"count":6,"href":"https:\/\/www.yungayino.cl\/noticias\/index.php?rest_route=\/wp\/v2\/posts\/422\/revisions"}],"predecessor-version":[{"id":444,"href":"https:\/\/www.yungayino.cl\/noticias\/index.php?rest_route=\/wp\/v2\/posts\/422\/revisions\/444"}],"wp:featuredmedia":[{"embeddable":true,"href":"https:\/\/www.yungayino.cl\/noticias\/index.php?rest_route=\/wp\/v2\/media\/14891"}],"wp:attachment":[{"href":"https:\/\/www.yungayino.cl\/noticias\/index.php?rest_route=%2Fwp%2Fv2%2Fmedia&parent=422"}],"wp:term":[{"taxonomy":"category","embeddable":true,"href":"https:\/\/www.yungayino.cl\/noticias\/index.php?rest_route=%2Fwp%2Fv2%2Fcategories&post=422"},{"taxonomy":"post_tag","embeddable":true,"href":"https:\/\/www.yungayino.cl\/noticias\/index.php?rest_route=%2Fwp%2Fv2%2Ftags&post=422"}],"curies":[{"name":"wp","href":"https:\/\/api.w.org\/{rel}","templated":true}]}}