{"id":4236,"date":"2010-10-07T20:00:20","date_gmt":"2010-10-08T00:00:20","guid":{"rendered":"http:\/\/www.yungayino.cl\/noticias\/?p=4236"},"modified":"2010-10-07T20:36:49","modified_gmt":"2010-10-08T00:36:49","slug":"asociacion-de-caballos-chilenos-de-nuble-programa-actividades-en-chillan","status":"publish","type":"post","link":"https:\/\/www.yungayino.cl\/noticias\/?p=4236","title":{"rendered":"Asociaci\u00f3n de Caballos Chilenos de \u00d1uble Programa Actividades en Chill\u00e1n"},"content":{"rendered":"<p><img loading=\"lazy\" decoding=\"async\" src=\"http:\/\/www.yungayino.cl\/imagenes\/caballos.jpg\" alt=\"Asociaci\u00f3n de Caballos Chilenos de \u00d1uble Programa Actividades en Chill\u00e1n \" width=\"500\" height=\"200\" \/><\/p>\n<p><span style=\"font-family: arial,helvetica,sans-serif;\"><span style=\"font-size: small;\">Yungay, el Directorio de la Asociaci\u00f3n de caballos chilenos de \u00d1uble, al igual que en la temporada anterior ha programado para la temporada 2010 &#8211; 2011 espec\u00edficamente en el mes de octubre del presente a\u00f1o las siguientes actividades, las cuales se realizaran todas en el recinto de la medialuna de Chill\u00e1n por estar \u00e9ste ubicado en la capital de la provincia, eventos que ser\u00e1n patrocinados por la Ilustre Municipalidad de Chill\u00e1n en el marco de la celebraci\u00f3n del bicentenario de nuestra patria:<\/span><\/span><\/p>\n<p><span style=\"font-family: arial,helvetica,sans-serif;\"><span style=\"font-size: small;\"><strong>09\/10\/10<\/strong> taller de evaluaci\u00f3n morfol\u00f3gica del caballo chileno, dictada por Jos\u00e9 Lu\u00eds Pinochet Pinochet, m\u00e9dico veterinario, zootecnista y jurado de exposiciones \u2013 Gabriel Varela.<\/span><\/span><\/p>\n<p><span style=\"font-family: arial,helvetica,sans-serif;\"><span style=\"font-size: small;\">En la misma ocasi\u00f3n la Asociaci\u00f3n de criadores de caballos chilenos \u00d1uble entregar\u00e1 su cuenta anual a sus socios.<\/span><\/span><\/p>\n<p><span style=\"font-family: arial,helvetica,sans-serif;\"><span style=\"font-size: small;\"><strong>16 y 17\/10\/10<\/strong> rodeo Asociaci\u00f3n de criadores de caballos chilenos \u00d1uble, adem\u00e1s de un remate de montas de prestigiosos potros chilenos a nivel nacional.<\/span><\/span><\/p>\n<p><span style=\"font-family: arial,helvetica,sans-serif;\"><span style=\"font-size: small;\"><strong>30 y 31\/10\/10<\/strong> campeonato nacional pruebas ecuestres chilenas y\u00a0 gran exposici\u00f3n de caballos chilenos.<\/span><\/span><\/p>\n<p><span style=\"font-family: arial,helvetica,sans-serif;\"><span style=\"font-size: small;\">Por lo anterior el Directorio de la  Asociaci\u00f3n de criadores de \u00d1uble invita a participar activamente a sus socios y a presenciar estas actividades criollas de gran nivel al p\u00fablico en general para lo cual se dispondr\u00e1 de atenci\u00f3n de casino y actividades anexas para la familia. Informaci\u00f3n proporcionada al Portal por el Presidente de la Asociaci\u00f3n de Criadores caballos chilenos de \u00d1uble Sr. Alfonso Bobadilla Rojas.<\/span><\/span><\/p>\n","protected":false},"excerpt":{"rendered":"<p>Yungay, el Directorio de la Asociaci\u00f3n de caballos chilenos de \u00d1uble, al igual que en la temporada anterior ha programado para la temporada 2010 &#8211; 2011 espec\u00edficamente en el mes de octubre del presente&#46;&#46;&#46;<\/p>\n","protected":false},"author":2,"featured_media":15398,"comment_status":"open","ping_status":"open","sticky":false,"template":"","format":"standard","meta":{"footnotes":""},"categories":[1],"tags":[263,1115,8,6],"class_list":["post-4236","post","type-post","status-publish","format-standard","has-post-thumbnail","hentry","category-noticias","tag-asociacion-caballos-chilenos-nuble","tag-noticias","tag-yungay","tag-yungayino"],"_links":{"self":[{"href":"https:\/\/www.yungayino.cl\/noticias\/index.php?rest_route=\/wp\/v2\/posts\/4236","targetHints":{"allow":["GET"]}}],"collection":[{"href":"https:\/\/www.yungayino.cl\/noticias\/index.php?rest_route=\/wp\/v2\/posts"}],"about":[{"href":"https:\/\/www.yungayino.cl\/noticias\/index.php?rest_route=\/wp\/v2\/types\/post"}],"author":[{"embeddable":true,"href":"https:\/\/www.yungayino.cl\/noticias\/index.php?rest_route=\/wp\/v2\/users\/2"}],"replies":[{"embeddable":true,"href":"https:\/\/www.yungayino.cl\/noticias\/index.php?rest_route=%2Fwp%2Fv2%2Fcomments&post=4236"}],"version-history":[{"count":3,"href":"https:\/\/www.yungayino.cl\/noticias\/index.php?rest_route=\/wp\/v2\/posts\/4236\/revisions"}],"predecessor-version":[{"id":4239,"href":"https:\/\/www.yungayino.cl\/noticias\/index.php?rest_route=\/wp\/v2\/posts\/4236\/revisions\/4239"}],"wp:featuredmedia":[{"embeddable":true,"href":"https:\/\/www.yungayino.cl\/noticias\/index.php?rest_route=\/wp\/v2\/media\/15398"}],"wp:attachment":[{"href":"https:\/\/www.yungayino.cl\/noticias\/index.php?rest_route=%2Fwp%2Fv2%2Fmedia&parent=4236"}],"wp:term":[{"taxonomy":"category","embeddable":true,"href":"https:\/\/www.yungayino.cl\/noticias\/index.php?rest_route=%2Fwp%2Fv2%2Fcategories&post=4236"},{"taxonomy":"post_tag","embeddable":true,"href":"https:\/\/www.yungayino.cl\/noticias\/index.php?rest_route=%2Fwp%2Fv2%2Ftags&post=4236"}],"curies":[{"name":"wp","href":"https:\/\/api.w.org\/{rel}","templated":true}]}}