{"id":4243,"date":"2010-10-08T15:00:48","date_gmt":"2010-10-08T19:00:48","guid":{"rendered":"http:\/\/www.yungayino.cl\/noticias\/?p=4243"},"modified":"2010-10-08T15:54:04","modified_gmt":"2010-10-08T19:54:04","slug":"en-los-angeles-se-celebrara-dia-nacional-de-folklore","status":"publish","type":"post","link":"https:\/\/www.yungayino.cl\/noticias\/?p=4243","title":{"rendered":"En Los \u00c1ngeles se Celebrara D\u00eda Nacional de Folklore"},"content":{"rendered":"<p><img loading=\"lazy\" decoding=\"async\" src=\"http:\/\/www.yungayino.cl\/imagenes\/raicesdemitierra.jpg\" alt=\"En Los \u00c1ngeles se Celebrara D\u00eda Nacional de Folklore\" width=\"500\" height=\"200\" \/><\/p>\n<p><span style=\"font-family: arial,helvetica,sans-serif;\"><span style=\"font-size: small;\">El Consejo Regional de la Cultura y las Artes en conjunto con la  Municipalidad de Los \u00c1ngeles y el Conjunto de Proyecci\u00f3n Folkl\u00f3rica Amancay, han querido celebrar este 2010 el D\u00eda Nacional del Folclore poniendo \u00e9nfasis en la importancia de las expresiones art\u00edsticas de nuestra cultura tradicional. La celebraci\u00f3n se centrar\u00e1 en el \u201cXVIII Encuentro de Folklore Nacional Amancay 2010\u201d, considerado como un evento de difusi\u00f3n de nuestra m\u00fasica, cuyo objetivo es revalorizar y transmitir las muestras folkl\u00f3ricas propias de nuestra tierra. De esta forma, el Consejo Regional de la Cultural y las Artes invita a la comunidad a participar de las actividades que se realizar\u00e1n desde el <strong>8 al 10 de octubre<\/strong>, en dependencias del Teatro Municipal (Colo Colo N\u00ba 484), a las 19:30 Hrs. Cabe se\u00f1alar, que en la misi\u00f3n de contribuir a la investigaci\u00f3n y difusi\u00f3n de nuestras tradiciones, expresiones folkl\u00f3ricas y ra\u00edces culturales de nuestro pa\u00eds, la celebraci\u00f3n del D\u00eda Nacional del Folklore nacional se enmarca dentro del Programa del D\u00eda de las Artes del Consejo Nacional de la Cultura, en recuerdo del natalicio de la cantora y creadora Violeta Parra (4 de octubre de 1917).<\/span><\/span><\/p>\n<p><span style=\"font-family: arial,helvetica,sans-serif;\"><span style=\"font-size: small;\">Los conjuntos y agrupaciones que han sido invitados son:<\/span><\/span><\/p>\n<p><span style=\"font-family: arial,helvetica,sans-serif;\"><span style=\"font-size: small;\">1. Agrupaci\u00f3n hoshken de Punta Arenas<\/span><\/span><\/p>\n<p><span style=\"font-family: arial,helvetica,sans-serif;\"><span style=\"font-size: small;\">2. Conjunto folkl\u00f3rico huihuen de Ancud<\/span><\/span><\/p>\n<p><span style=\"font-family: arial,helvetica,sans-serif;\"><span style=\"font-size: small;\">3. Conjunto folkl\u00f3rico mapuguanquegua de Los Muermos<\/span><\/span><\/p>\n<p><span style=\"font-family: arial,helvetica,sans-serif;\"><span style=\"font-size: small;\">4. Conjunto folkl\u00f3rico municipal de Osorno<\/span><\/span><\/p>\n<p><span style=\"font-family: arial,helvetica,sans-serif;\"><span style=\"font-size: small;\">5. Agrupaci\u00f3n folkl\u00f3rica montessori de Temuco<\/span><\/span><\/p>\n<p><span style=\"font-family: arial,helvetica,sans-serif;\"><span style=\"font-size: small;\">6. Conjunto folkl\u00f3rico trabajadores Diario El Sur de Concepci\u00f3n<\/span><\/span><\/p>\n<p><span style=\"font-family: arial,helvetica,sans-serif;\"><span style=\"font-size: small;\">7. Conjunto folkl\u00f3rico municipal ra\u00edces de mi tierra de Quill\u00f3n<\/span><\/span><\/p>\n<p><span style=\"font-family: arial,helvetica,sans-serif;\"><span style=\"font-size: small;\">8. Conjunto de proyecci\u00f3n folkl\u00f3rica tabake de Valpara\u00edso<\/span><\/span><\/p>\n<p><span style=\"font-family: arial,helvetica,sans-serif;\"><span style=\"font-size: small;\">9. Agrupaci\u00f3n de difusi\u00f3n folkl\u00f3rica magisterio mallacun de Salamanca<\/span><\/span><\/p>\n<p><span style=\"font-family: arial,helvetica,sans-serif;\"><span style=\"font-size: small;\">10. Agrupaci\u00f3n de difusi\u00f3n folkl\u00f3rica magisterio elki de Vicu\u00f1a<\/span><\/span><\/p>\n<p><span style=\"font-family: arial,helvetica,sans-serif;\"><span style=\"font-size: small;\"><br \/>\n<\/span><\/span><\/p>\n","protected":false},"excerpt":{"rendered":"<p>El Consejo Regional de la Cultura y las Artes en conjunto con la Municipalidad de Los \u00c1ngeles y el Conjunto de Proyecci\u00f3n Folkl\u00f3rica Amancay, han querido celebrar este 2010 el D\u00eda Nacional del Folclore&#46;&#46;&#46;<\/p>\n","protected":false},"author":2,"featured_media":15400,"comment_status":"open","ping_status":"open","sticky":false,"template":"","format":"standard","meta":{"footnotes":""},"categories":[1],"tags":[1115,8,6],"class_list":["post-4243","post","type-post","status-publish","format-standard","has-post-thumbnail","hentry","category-noticias","tag-noticias","tag-yungay","tag-yungayino"],"_links":{"self":[{"href":"https:\/\/www.yungayino.cl\/noticias\/index.php?rest_route=\/wp\/v2\/posts\/4243","targetHints":{"allow":["GET"]}}],"collection":[{"href":"https:\/\/www.yungayino.cl\/noticias\/index.php?rest_route=\/wp\/v2\/posts"}],"about":[{"href":"https:\/\/www.yungayino.cl\/noticias\/index.php?rest_route=\/wp\/v2\/types\/post"}],"author":[{"embeddable":true,"href":"https:\/\/www.yungayino.cl\/noticias\/index.php?rest_route=\/wp\/v2\/users\/2"}],"replies":[{"embeddable":true,"href":"https:\/\/www.yungayino.cl\/noticias\/index.php?rest_route=%2Fwp%2Fv2%2Fcomments&post=4243"}],"version-history":[{"count":5,"href":"https:\/\/www.yungayino.cl\/noticias\/index.php?rest_route=\/wp\/v2\/posts\/4243\/revisions"}],"predecessor-version":[{"id":4248,"href":"https:\/\/www.yungayino.cl\/noticias\/index.php?rest_route=\/wp\/v2\/posts\/4243\/revisions\/4248"}],"wp:featuredmedia":[{"embeddable":true,"href":"https:\/\/www.yungayino.cl\/noticias\/index.php?rest_route=\/wp\/v2\/media\/15400"}],"wp:attachment":[{"href":"https:\/\/www.yungayino.cl\/noticias\/index.php?rest_route=%2Fwp%2Fv2%2Fmedia&parent=4243"}],"wp:term":[{"taxonomy":"category","embeddable":true,"href":"https:\/\/www.yungayino.cl\/noticias\/index.php?rest_route=%2Fwp%2Fv2%2Fcategories&post=4243"},{"taxonomy":"post_tag","embeddable":true,"href":"https:\/\/www.yungayino.cl\/noticias\/index.php?rest_route=%2Fwp%2Fv2%2Ftags&post=4243"}],"curies":[{"name":"wp","href":"https:\/\/api.w.org\/{rel}","templated":true}]}}