{"id":4274,"date":"2010-10-14T22:00:04","date_gmt":"2010-10-15T02:00:04","guid":{"rendered":"http:\/\/www.yungayino.cl\/noticias\/?p=4274"},"modified":"2010-10-15T16:45:19","modified_gmt":"2010-10-15T20:45:19","slug":"celebracion-dia-del-profesor-en-yungay","status":"publish","type":"post","link":"https:\/\/www.yungayino.cl\/noticias\/?p=4274","title":{"rendered":"Celebraci\u00f3n D\u00eda del Profesor en Yungay"},"content":{"rendered":"<p><img loading=\"lazy\" decoding=\"async\" src=\"http:\/\/www.yungayino.cl\/imagenes\/diaprofesor2010.jpg\" alt=\"Celebraci\u00f3n D\u00eda del Profesor en Yungay\" width=\"500\" height=\"200\" \/><\/p>\n<p><span style=\"font-family: arial,helvetica,sans-serif;\"><span style=\"font-size: small;\">Yungay, el d\u00eda 16 de octubre en Chile se celebra El D\u00eda del Profesor, efem\u00e9ride que conmemora la labor de los docentes de la educaci\u00f3n b\u00e1sica y media. En nuestra comuna se realizo una Misa encabezada por el Padre Jorge Navarrete a los profesores de los diferentes establecimientos educacionales de Yungay, adem\u00e1s los profesores de la Escuela Fernando Baquedano compartieron una cena que se llevo a cabo en las dependencias del Hotel Francia. El Equipo del Portal Yungayino.cl saluda a todos los Profesores en su d\u00eda y destaca la abnegada labor de educar. Por su parte los Profesores del Liceo de Yungay, compartieron un desayuno organizado por el Centro de Alumnos de mencionado establecimiento.<br \/>\n<\/span><\/span><\/p>\n<p><a href=\"http:\/\/www.yungayino.cl\/noticias\/?p=4274#comments\"><span style=\"font-family: arial,helvetica,sans-serif;\"><span style=\"font-size: small;\">Comente Aqu\u00ed<\/span><\/span><\/a><\/p>\n<p><a href=\"http:\/\/www.facebook.com\/album.php?aid=47165&amp;id=159561284058919&amp;saved\"><span style=\"font-family: arial,helvetica,sans-serif;\"><span style=\"font-size: small;\">Fotograf\u00edas Celebraci\u00f3n Profesores Fernando Baquedano <\/span><\/span><\/a><\/p>\n<p><a href=\"http:\/\/www.facebook.com\/album.php?aid=47217&amp;id=159561284058919&amp;saved\"><span style=\"font-family: arial,helvetica,sans-serif;\"><span style=\"font-size: small;\">Fotograf\u00edas Celebraci\u00f3n Profesores Liceo A-17<\/span><\/span><\/a><\/p>\n","protected":false},"excerpt":{"rendered":"<p>Yungay, el d\u00eda 16 de octubre en Chile se celebra El D\u00eda del Profesor, efem\u00e9ride que conmemora la labor de los docentes de la educaci\u00f3n b\u00e1sica y media. En nuestra comuna se realizo una&#46;&#46;&#46;<\/p>\n","protected":false},"author":2,"featured_media":15405,"comment_status":"open","ping_status":"open","sticky":false,"template":"","format":"standard","meta":{"footnotes":""},"categories":[1],"tags":[268,1115,8,6],"class_list":["post-4274","post","type-post","status-publish","format-standard","has-post-thumbnail","hentry","category-noticias","tag-dia-profesor","tag-noticias","tag-yungay","tag-yungayino"],"_links":{"self":[{"href":"https:\/\/www.yungayino.cl\/noticias\/index.php?rest_route=\/wp\/v2\/posts\/4274","targetHints":{"allow":["GET"]}}],"collection":[{"href":"https:\/\/www.yungayino.cl\/noticias\/index.php?rest_route=\/wp\/v2\/posts"}],"about":[{"href":"https:\/\/www.yungayino.cl\/noticias\/index.php?rest_route=\/wp\/v2\/types\/post"}],"author":[{"embeddable":true,"href":"https:\/\/www.yungayino.cl\/noticias\/index.php?rest_route=\/wp\/v2\/users\/2"}],"replies":[{"embeddable":true,"href":"https:\/\/www.yungayino.cl\/noticias\/index.php?rest_route=%2Fwp%2Fv2%2Fcomments&post=4274"}],"version-history":[{"count":8,"href":"https:\/\/www.yungayino.cl\/noticias\/index.php?rest_route=\/wp\/v2\/posts\/4274\/revisions"}],"predecessor-version":[{"id":4280,"href":"https:\/\/www.yungayino.cl\/noticias\/index.php?rest_route=\/wp\/v2\/posts\/4274\/revisions\/4280"}],"wp:featuredmedia":[{"embeddable":true,"href":"https:\/\/www.yungayino.cl\/noticias\/index.php?rest_route=\/wp\/v2\/media\/15405"}],"wp:attachment":[{"href":"https:\/\/www.yungayino.cl\/noticias\/index.php?rest_route=%2Fwp%2Fv2%2Fmedia&parent=4274"}],"wp:term":[{"taxonomy":"category","embeddable":true,"href":"https:\/\/www.yungayino.cl\/noticias\/index.php?rest_route=%2Fwp%2Fv2%2Fcategories&post=4274"},{"taxonomy":"post_tag","embeddable":true,"href":"https:\/\/www.yungayino.cl\/noticias\/index.php?rest_route=%2Fwp%2Fv2%2Ftags&post=4274"}],"curies":[{"name":"wp","href":"https:\/\/api.w.org\/{rel}","templated":true}]}}