{"id":4291,"date":"2010-10-16T13:00:06","date_gmt":"2010-10-16T17:00:06","guid":{"rendered":"http:\/\/www.yungayino.cl\/noticias\/?p=4291"},"modified":"2010-10-18T14:08:55","modified_gmt":"2010-10-18T18:08:55","slug":"grupo-de-adulto-mayor-%e2%80%9cdespertando-a-la-vida%e2%80%9d-celebro-un-ano-de-existencia","status":"publish","type":"post","link":"https:\/\/www.yungayino.cl\/noticias\/?p=4291","title":{"rendered":"Grupo de Adulto Mayor \u201cDespertando a la Vida\u201d Celebr\u00f3 un A\u00f1o de existencia"},"content":{"rendered":"<p><img decoding=\"async\" src=\"http:\/\/www.yungayino.cl\/imagenes\/despertandoalavida20101015.jpg\" alt=\"Grupo de Adulto Mayor \u201cDespertando a la Vida\u201d Celebr\u00f3 un A\u00f1o de existencia\" \/><\/p>\n<p><span style=\"font-family: arial,helvetica,sans-serif;\"><span style=\"font-size: small;\">Yungay, en las dependencias del Internado Eduardo Frei el viernes 15 de octubre el Grupo de Adultos Mayores \u201cDespertando a la Vida\u201d celebro un a\u00f1o de existencia, el cu\u00e1l esta formado por 40 personas de la comuna y apoyado por la monitora Jaquelin Segura. Cabe destacar que este grupo se ha destacado con sus presentaciones en nuestra comuna y en la regi\u00f3n donde la semana pasada fueron destacados y reconocidos en la comuna de \u00d1iquen, el grupo se destaca por la uni\u00f3n, fuerza y trabajo en equipo donde muestran otra de sus facetas realizando bailes y representaci\u00f3n de obras. La celebraci\u00f3n cont\u00f3 con las presencia del Alcalde Pedro Inostroza, H\u00e9ctor Cisternas, Administrador Municipal y Lorena Acu\u00f1a de DIDECO, quienes compartieron un c\u00f3ctel y felicitaron al grupo por su primer a\u00f1o de formaci\u00f3n. La Profesora a cargo del grupo hizo una invitaci\u00f3n a que todos os adultos mayores de la comuna que quieran formar parte de este puede comunicarse al celular 74381708.<\/span><\/span><\/p>\n<p><a href=\"http:\/\/www.yungayino.cl\/noticias\/?p=4291#comments\"><span style=\"font-family: arial,helvetica,sans-serif;\"><span style=\"font-size: small;\">Comente Aqu\u00ed<\/span><\/span><\/a><\/p>\n<p><a href=\"http:\/\/www.facebook.com\/album.php?aid=47487&amp;id=159561284058919&amp;saved\"><span style=\"font-family: arial,helvetica,sans-serif;\"><span style=\"font-size: small;\">Fotograf\u00edas<\/span><\/span><\/a><\/p>\n","protected":false},"excerpt":{"rendered":"<p>Yungay, en las dependencias del Internado Eduardo Frei el viernes 15 de octubre el Grupo de Adultos Mayores \u201cDespertando a la Vida\u201d celebro un a\u00f1o de existencia, el cu\u00e1l esta formado por 40 personas&#46;&#46;&#46;<\/p>\n","protected":false},"author":2,"featured_media":15408,"comment_status":"open","ping_status":"open","sticky":false,"template":"","format":"standard","meta":{"footnotes":""},"categories":[1],"tags":[265,1115,8,6],"class_list":["post-4291","post","type-post","status-publish","format-standard","has-post-thumbnail","hentry","category-noticias","tag-despertando-a-la-vida","tag-noticias","tag-yungay","tag-yungayino"],"_links":{"self":[{"href":"https:\/\/www.yungayino.cl\/noticias\/index.php?rest_route=\/wp\/v2\/posts\/4291","targetHints":{"allow":["GET"]}}],"collection":[{"href":"https:\/\/www.yungayino.cl\/noticias\/index.php?rest_route=\/wp\/v2\/posts"}],"about":[{"href":"https:\/\/www.yungayino.cl\/noticias\/index.php?rest_route=\/wp\/v2\/types\/post"}],"author":[{"embeddable":true,"href":"https:\/\/www.yungayino.cl\/noticias\/index.php?rest_route=\/wp\/v2\/users\/2"}],"replies":[{"embeddable":true,"href":"https:\/\/www.yungayino.cl\/noticias\/index.php?rest_route=%2Fwp%2Fv2%2Fcomments&post=4291"}],"version-history":[{"count":5,"href":"https:\/\/www.yungayino.cl\/noticias\/index.php?rest_route=\/wp\/v2\/posts\/4291\/revisions"}],"predecessor-version":[{"id":4296,"href":"https:\/\/www.yungayino.cl\/noticias\/index.php?rest_route=\/wp\/v2\/posts\/4291\/revisions\/4296"}],"wp:featuredmedia":[{"embeddable":true,"href":"https:\/\/www.yungayino.cl\/noticias\/index.php?rest_route=\/wp\/v2\/media\/15408"}],"wp:attachment":[{"href":"https:\/\/www.yungayino.cl\/noticias\/index.php?rest_route=%2Fwp%2Fv2%2Fmedia&parent=4291"}],"wp:term":[{"taxonomy":"category","embeddable":true,"href":"https:\/\/www.yungayino.cl\/noticias\/index.php?rest_route=%2Fwp%2Fv2%2Fcategories&post=4291"},{"taxonomy":"post_tag","embeddable":true,"href":"https:\/\/www.yungayino.cl\/noticias\/index.php?rest_route=%2Fwp%2Fv2%2Ftags&post=4291"}],"curies":[{"name":"wp","href":"https:\/\/api.w.org\/{rel}","templated":true}]}}