{"id":4314,"date":"2010-10-22T10:00:33","date_gmt":"2010-10-22T14:00:33","guid":{"rendered":"http:\/\/www.yungayino.cl\/noticias\/?p=4314"},"modified":"2010-10-23T11:10:24","modified_gmt":"2010-10-23T15:10:24","slug":"yungay-tendra-%e2%80%9ccapilla-de-emergencia%e2%80%9d","status":"publish","type":"post","link":"https:\/\/www.yungayino.cl\/noticias\/?p=4314","title":{"rendered":"Yungay Tendr\u00e1 \u201cCapilla de Emergencia\u201d"},"content":{"rendered":"<p><img loading=\"lazy\" decoding=\"async\" src=\"http:\/\/www.yungayino.cl\/imagenes\/carpaparroquiayungay.jpg\" alt=\"Yungay Tendr\u00e1 \u201cCapilla de Emergencia\u201d\" width=\"500\" height=\"200\" \/><\/p>\n<p><span style=\"font-family: arial,helvetica,sans-serif;\"><span style=\"font-size: small;\">Yungay, tendr\u00e1 Capilla de emergencia gracias al aporte de A.I.S\u00a0 Fundaci\u00f3n Ayuda a la  Iglesia que sufre, esta capilla de emergencia no reemplaza la parroquia original destruida por el pasado terremoto que afecto el pa\u00eds, pero servir\u00e1 de consuelo, lugar de oraci\u00f3n y celebraci\u00f3n de los sagrados misterios para la comunidad, mientras dura la reconstrucci\u00f3n de la Parroquia San Miguel. \u00a0\u00a0La capilla constara de una estructura de fierro con cubierta vin\u00edlica, resistente al agua, con una superficie de 185 metros cuadrados y capacidad para 100 personas sentadas y cuyo valor instalada es de $10 millones. En una entrevista al Portal <a href=\"..\/..\/\">www.yungayino.cl<\/a> el Padre Luis Rocha manifest\u00f3 estar agradecido por la enorme ayuda, la que permitir\u00e1 reunir nuevamente a la comunidad cristiana de la comuna y as\u00ed poder trabajar todos juntos y unidos para la reconstrucci\u00f3n de la Parroquia San Miguel.<\/span><\/span><\/p>\n<p><a href=\"http:\/\/www.facebook.com\/album.php?aid=47888&amp;id=159561284058919&amp;saved\"><span style=\"font-family: arial,helvetica,sans-serif;\"><span style=\"font-size: small;\">Fotograf\u00edas<\/span><\/span><\/a><\/p>\n","protected":false},"excerpt":{"rendered":"<p>Yungay, tendr\u00e1 Capilla de emergencia gracias al aporte de A.I.S\u00a0 Fundaci\u00f3n Ayuda a la Iglesia que sufre, esta capilla de emergencia no reemplaza la parroquia original destruida por el pasado terremoto que afecto el&#46;&#46;&#46;<\/p>\n","protected":false},"author":2,"featured_media":15412,"comment_status":"open","ping_status":"open","sticky":false,"template":"","format":"standard","meta":{"footnotes":""},"categories":[1],"tags":[272,1115,8,6],"class_list":["post-4314","post","type-post","status-publish","format-standard","has-post-thumbnail","hentry","category-noticias","tag-capilla-de-emergencia","tag-noticias","tag-yungay","tag-yungayino"],"_links":{"self":[{"href":"https:\/\/www.yungayino.cl\/noticias\/index.php?rest_route=\/wp\/v2\/posts\/4314","targetHints":{"allow":["GET"]}}],"collection":[{"href":"https:\/\/www.yungayino.cl\/noticias\/index.php?rest_route=\/wp\/v2\/posts"}],"about":[{"href":"https:\/\/www.yungayino.cl\/noticias\/index.php?rest_route=\/wp\/v2\/types\/post"}],"author":[{"embeddable":true,"href":"https:\/\/www.yungayino.cl\/noticias\/index.php?rest_route=\/wp\/v2\/users\/2"}],"replies":[{"embeddable":true,"href":"https:\/\/www.yungayino.cl\/noticias\/index.php?rest_route=%2Fwp%2Fv2%2Fcomments&post=4314"}],"version-history":[{"count":4,"href":"https:\/\/www.yungayino.cl\/noticias\/index.php?rest_route=\/wp\/v2\/posts\/4314\/revisions"}],"predecessor-version":[{"id":4318,"href":"https:\/\/www.yungayino.cl\/noticias\/index.php?rest_route=\/wp\/v2\/posts\/4314\/revisions\/4318"}],"wp:featuredmedia":[{"embeddable":true,"href":"https:\/\/www.yungayino.cl\/noticias\/index.php?rest_route=\/wp\/v2\/media\/15412"}],"wp:attachment":[{"href":"https:\/\/www.yungayino.cl\/noticias\/index.php?rest_route=%2Fwp%2Fv2%2Fmedia&parent=4314"}],"wp:term":[{"taxonomy":"category","embeddable":true,"href":"https:\/\/www.yungayino.cl\/noticias\/index.php?rest_route=%2Fwp%2Fv2%2Fcategories&post=4314"},{"taxonomy":"post_tag","embeddable":true,"href":"https:\/\/www.yungayino.cl\/noticias\/index.php?rest_route=%2Fwp%2Fv2%2Ftags&post=4314"}],"curies":[{"name":"wp","href":"https:\/\/api.w.org\/{rel}","templated":true}]}}