{"id":4410,"date":"2010-11-09T18:00:27","date_gmt":"2010-11-09T22:00:27","guid":{"rendered":"http:\/\/www.yungayino.cl\/noticias\/?p=4410"},"modified":"2010-11-09T18:53:44","modified_gmt":"2010-11-09T22:53:44","slug":"gran-fiesta-ciudadana-cultura-bicentenario","status":"publish","type":"post","link":"https:\/\/www.yungayino.cl\/noticias\/?p=4410","title":{"rendered":"Gran Fiesta Ciudadana + Cultura Bicentenario"},"content":{"rendered":"<p><img loading=\"lazy\" decoding=\"async\" src=\"http:\/\/www.yungayino.cl\/imagenes\/chilecultura.jpg\" alt=\"Gran Fiesta Ciudadana + Cultura Bicentenario\" width=\"500\" height=\"200\" \/><\/p>\n<p><span style=\"font-size: small;\"><span style=\"font-family: arial,helvetica,sans-serif;\">Yungay 09 de noviembre, el alcalde Pedro Inostroza hace una especial invitaci\u00f3n a la comunidad art\u00edstica de Yungay, para asistir a la Gran Fiesta Ciudadana + Cultural Bicentenario, en la que estar\u00e1n dispuestos espacios para la m\u00fasica, teatro, danza, artesan\u00eda, patrimonio, etc., y que se realizar\u00e1 el pr\u00f3ximo s\u00e1bado 13 de noviembre, en la comuna de San Pedro de La Paz, Parque Laguna Grande. Esta actividad esta organizada por el Consejo de la Cultura y las Artes de forma gratuita, donde habr\u00e1 ocho escenarios simult\u00e1neos con lo mejor de las expresiones art\u00edsticas de la Regi\u00f3n, se contara con un bus\u00a0 con capacidad para 44 pasajeros que saldr\u00e1 desde el frontis de la Municipalidad de Yungay a las 11:00 horas del d\u00eda programado, con regreso a las 21:00 horas del mismo d\u00eda, sin perjuicio de que estos horarios puedan modificarse. Por lo tanto, se invita a la comunidad Yungayina con cualidades art\u00edsticas a inscribirse en la Oficina de Fomento Productivo y Turismo de la  Municipalidad de Yungay. Para inscribirse solo basta entregar la siguiente informaci\u00f3n: Nombre Completo, Rut, Actividad art\u00edstica m\u00e1s relevante que desarrolla o posea, Tel\u00e9fonos, Correo Electr\u00f3nico y Domicilio. (042\/680601 &#8211;\u00a0\u00a0 76951068 &#8211; 94696355).<\/span><\/span><\/p>\n","protected":false},"excerpt":{"rendered":"<p>Yungay 09 de noviembre, el alcalde Pedro Inostroza hace una especial invitaci\u00f3n a la comunidad art\u00edstica de Yungay, para asistir a la Gran Fiesta Ciudadana + Cultural Bicentenario, en la que estar\u00e1n dispuestos espacios&#46;&#46;&#46;<\/p>\n","protected":false},"author":2,"featured_media":15428,"comment_status":"open","ping_status":"open","sticky":false,"template":"","format":"standard","meta":{"footnotes":""},"categories":[1],"tags":[1115,8,6],"class_list":["post-4410","post","type-post","status-publish","format-standard","has-post-thumbnail","hentry","category-noticias","tag-noticias","tag-yungay","tag-yungayino"],"_links":{"self":[{"href":"https:\/\/www.yungayino.cl\/noticias\/index.php?rest_route=\/wp\/v2\/posts\/4410","targetHints":{"allow":["GET"]}}],"collection":[{"href":"https:\/\/www.yungayino.cl\/noticias\/index.php?rest_route=\/wp\/v2\/posts"}],"about":[{"href":"https:\/\/www.yungayino.cl\/noticias\/index.php?rest_route=\/wp\/v2\/types\/post"}],"author":[{"embeddable":true,"href":"https:\/\/www.yungayino.cl\/noticias\/index.php?rest_route=\/wp\/v2\/users\/2"}],"replies":[{"embeddable":true,"href":"https:\/\/www.yungayino.cl\/noticias\/index.php?rest_route=%2Fwp%2Fv2%2Fcomments&post=4410"}],"version-history":[{"count":2,"href":"https:\/\/www.yungayino.cl\/noticias\/index.php?rest_route=\/wp\/v2\/posts\/4410\/revisions"}],"predecessor-version":[{"id":4412,"href":"https:\/\/www.yungayino.cl\/noticias\/index.php?rest_route=\/wp\/v2\/posts\/4410\/revisions\/4412"}],"wp:featuredmedia":[{"embeddable":true,"href":"https:\/\/www.yungayino.cl\/noticias\/index.php?rest_route=\/wp\/v2\/media\/15428"}],"wp:attachment":[{"href":"https:\/\/www.yungayino.cl\/noticias\/index.php?rest_route=%2Fwp%2Fv2%2Fmedia&parent=4410"}],"wp:term":[{"taxonomy":"category","embeddable":true,"href":"https:\/\/www.yungayino.cl\/noticias\/index.php?rest_route=%2Fwp%2Fv2%2Fcategories&post=4410"},{"taxonomy":"post_tag","embeddable":true,"href":"https:\/\/www.yungayino.cl\/noticias\/index.php?rest_route=%2Fwp%2Fv2%2Ftags&post=4410"}],"curies":[{"name":"wp","href":"https:\/\/api.w.org\/{rel}","templated":true}]}}