{"id":4422,"date":"2010-11-12T23:00:08","date_gmt":"2010-11-13T03:00:08","guid":{"rendered":"http:\/\/www.yungayino.cl\/noticias\/?p=4422"},"modified":"2010-11-13T23:56:13","modified_gmt":"2010-11-14T03:56:13","slug":"importante-reunion-se-llevo-a-cabo-entre-agricultores-de-yungay-y-asesor-del-ministro-de-agricultura","status":"publish","type":"post","link":"https:\/\/www.yungayino.cl\/noticias\/?p=4422","title":{"rendered":"Importante Reuni\u00f3n se llevo a Cabo entre Agricultores de Yungay y Asesor del Ministro de Agricultura"},"content":{"rendered":"<p><img loading=\"lazy\" decoding=\"async\" src=\"http:\/\/www.yungayino.cl\/imagenes\/agricultores20101112.jpg\" alt=\"Importante Reuni\u00f3n se llevo a Cabo entre Agricultores de Yungay y Asesor del Ministro de Agricultura\" width=\"500\" height=\"200\" \/><\/p>\n<p><span style=\"font-family: arial,helvetica,sans-serif;\"><span style=\"font-size: small;\">Yungay, viernes 12 de noviembre a partir de la 10:00 horas en el Internado Eduardo Frei Montalva se llevo a cabo una importante reuni\u00f3n de los agricultores de la comuna de Yungay con el Asesor del Ministro de Agricultura, Pedro Urra Veloso. Esta reuni\u00f3n fue una iniciativa del Alcalde Pedro Inostroza, qui\u00e9n\u00a0 en su constante preocupaci\u00f3n por los agricultores de la comuna transmitieron al asesor las inquietudes y necesidades del rubro, donde se destaco la necesidad de un segundo PRODESAL para Yungay, por su parte el asesor del ministro manifest\u00f3 que\u00a0 transmitir\u00e1 estas inquietudes y adem\u00e1s indico que el Ministro Jos\u00e9 Antonio Galilea visitara nuestra comuna. A esta reuni\u00f3n adem\u00e1s asistieron Concejales y Representantes de Indap Regional.<\/span><\/span><\/p>\n<p><a href=\"http:\/\/www.facebook.com\/home.php?#!\/album.php?aid=49797&amp;id=159561284058919&amp;fbid=176505515697829\"><span style=\"font-family: arial,helvetica,sans-serif;\"><span style=\"font-size: small;\">Fotograf\u00edas<\/span><\/span><\/a><\/p>\n","protected":false},"excerpt":{"rendered":"<p>Yungay, viernes 12 de noviembre a partir de la 10:00 horas en el Internado Eduardo Frei Montalva se llevo a cabo una importante reuni\u00f3n de los agricultores de la comuna de Yungay con el&#46;&#46;&#46;<\/p>\n","protected":false},"author":2,"featured_media":15431,"comment_status":"open","ping_status":"open","sticky":false,"template":"","format":"standard","meta":{"footnotes":""},"categories":[1],"tags":[1115,8,6],"class_list":["post-4422","post","type-post","status-publish","format-standard","has-post-thumbnail","hentry","category-noticias","tag-noticias","tag-yungay","tag-yungayino"],"_links":{"self":[{"href":"https:\/\/www.yungayino.cl\/noticias\/index.php?rest_route=\/wp\/v2\/posts\/4422","targetHints":{"allow":["GET"]}}],"collection":[{"href":"https:\/\/www.yungayino.cl\/noticias\/index.php?rest_route=\/wp\/v2\/posts"}],"about":[{"href":"https:\/\/www.yungayino.cl\/noticias\/index.php?rest_route=\/wp\/v2\/types\/post"}],"author":[{"embeddable":true,"href":"https:\/\/www.yungayino.cl\/noticias\/index.php?rest_route=\/wp\/v2\/users\/2"}],"replies":[{"embeddable":true,"href":"https:\/\/www.yungayino.cl\/noticias\/index.php?rest_route=%2Fwp%2Fv2%2Fcomments&post=4422"}],"version-history":[{"count":2,"href":"https:\/\/www.yungayino.cl\/noticias\/index.php?rest_route=\/wp\/v2\/posts\/4422\/revisions"}],"predecessor-version":[{"id":4424,"href":"https:\/\/www.yungayino.cl\/noticias\/index.php?rest_route=\/wp\/v2\/posts\/4422\/revisions\/4424"}],"wp:featuredmedia":[{"embeddable":true,"href":"https:\/\/www.yungayino.cl\/noticias\/index.php?rest_route=\/wp\/v2\/media\/15431"}],"wp:attachment":[{"href":"https:\/\/www.yungayino.cl\/noticias\/index.php?rest_route=%2Fwp%2Fv2%2Fmedia&parent=4422"}],"wp:term":[{"taxonomy":"category","embeddable":true,"href":"https:\/\/www.yungayino.cl\/noticias\/index.php?rest_route=%2Fwp%2Fv2%2Fcategories&post=4422"},{"taxonomy":"post_tag","embeddable":true,"href":"https:\/\/www.yungayino.cl\/noticias\/index.php?rest_route=%2Fwp%2Fv2%2Ftags&post=4422"}],"curies":[{"name":"wp","href":"https:\/\/api.w.org\/{rel}","templated":true}]}}