{"id":4470,"date":"2010-11-22T20:00:47","date_gmt":"2010-11-23T00:00:47","guid":{"rendered":"http:\/\/www.yungayino.cl\/noticias\/?p=4470"},"modified":"2010-11-23T21:28:44","modified_gmt":"2010-11-24T01:28:44","slug":"grupo-adultos-mayores-%e2%80%9cdespertando-a-la-vida%e2%80%9d%e2%80%a2-visito-lenga","status":"publish","type":"post","link":"https:\/\/www.yungayino.cl\/noticias\/?p=4470","title":{"rendered":"Grupo Adultos Mayores \u201cDespertando a la Vida\u201d\u2022 Visit\u00f3 Lenga"},"content":{"rendered":"<p><img loading=\"lazy\" decoding=\"async\" src=\"http:\/\/www.yungayino.cl\/imagenes\/adultoslenga.jpg\" alt=\"Grupo Adultos mayores en Lenga\" width=\"500\" height=\"200\" \/><\/p>\n<p><span style=\"font-family: arial,helvetica,sans-serif;\"><span style=\"font-size: small;\">El grupo de adultos mayores \u201cDespertando a la vida\u201d, encabezado por su monitora Jacqueline Segura viaj\u00f3 a la \u00a0Caleta de Lenga el domingo 21 de noviembre, con motivo de dar un relajo y paseo a los integrantes quienes se han destacado en todas las presentaciones realizadas tanto en la comuna como fuera de esta. Este viaje cont\u00f3 con el apoyo de la Municipalidad de Yungay, en reconocimiento por su trabajo realizado. Cabe destacar la vitalidad con la que estas personas ensayan d\u00eda a d\u00eda para entregar un bonito espect\u00e1culo, donde muestran sus dotes art\u00edsticas.<\/span><\/span><\/p>\n<p><a href=\"http:\/\/www.yungayino.cl\/noticias\/?p=4470#comments\"><span style=\"font-family: arial,helvetica,sans-serif;\"><span style=\"font-size: small;\">Comente Aqu\u00ed<\/span><\/span><\/a><\/p>\n<p><a href=\"http:\/\/www.facebook.com\/album.php?aid=50658&amp;id=159561284058919&amp;saved\"><span style=\"font-family: arial,helvetica,sans-serif;\"><span style=\"font-size: small;\">Fotograf\u00edas<\/span><\/span><\/a><\/p>\n","protected":false},"excerpt":{"rendered":"<p>El grupo de adultos mayores \u201cDespertando a la vida\u201d, encabezado por su monitora Jacqueline Segura viaj\u00f3 a la \u00a0Caleta de Lenga el domingo 21 de noviembre, con motivo de dar un relajo y paseo&#46;&#46;&#46;<\/p>\n","protected":false},"author":2,"featured_media":15437,"comment_status":"open","ping_status":"open","sticky":false,"template":"","format":"standard","meta":{"footnotes":""},"categories":[1],"tags":[57,1115,8,6],"class_list":["post-4470","post","type-post","status-publish","format-standard","has-post-thumbnail","hentry","category-noticias","tag-adultos-mayores","tag-noticias","tag-yungay","tag-yungayino"],"_links":{"self":[{"href":"https:\/\/www.yungayino.cl\/noticias\/index.php?rest_route=\/wp\/v2\/posts\/4470","targetHints":{"allow":["GET"]}}],"collection":[{"href":"https:\/\/www.yungayino.cl\/noticias\/index.php?rest_route=\/wp\/v2\/posts"}],"about":[{"href":"https:\/\/www.yungayino.cl\/noticias\/index.php?rest_route=\/wp\/v2\/types\/post"}],"author":[{"embeddable":true,"href":"https:\/\/www.yungayino.cl\/noticias\/index.php?rest_route=\/wp\/v2\/users\/2"}],"replies":[{"embeddable":true,"href":"https:\/\/www.yungayino.cl\/noticias\/index.php?rest_route=%2Fwp%2Fv2%2Fcomments&post=4470"}],"version-history":[{"count":7,"href":"https:\/\/www.yungayino.cl\/noticias\/index.php?rest_route=\/wp\/v2\/posts\/4470\/revisions"}],"predecessor-version":[{"id":4486,"href":"https:\/\/www.yungayino.cl\/noticias\/index.php?rest_route=\/wp\/v2\/posts\/4470\/revisions\/4486"}],"wp:featuredmedia":[{"embeddable":true,"href":"https:\/\/www.yungayino.cl\/noticias\/index.php?rest_route=\/wp\/v2\/media\/15437"}],"wp:attachment":[{"href":"https:\/\/www.yungayino.cl\/noticias\/index.php?rest_route=%2Fwp%2Fv2%2Fmedia&parent=4470"}],"wp:term":[{"taxonomy":"category","embeddable":true,"href":"https:\/\/www.yungayino.cl\/noticias\/index.php?rest_route=%2Fwp%2Fv2%2Fcategories&post=4470"},{"taxonomy":"post_tag","embeddable":true,"href":"https:\/\/www.yungayino.cl\/noticias\/index.php?rest_route=%2Fwp%2Fv2%2Ftags&post=4470"}],"curies":[{"name":"wp","href":"https:\/\/api.w.org\/{rel}","templated":true}]}}