{"id":4491,"date":"2010-11-25T21:00:36","date_gmt":"2010-11-26T01:00:36","guid":{"rendered":"http:\/\/www.yungayino.cl\/noticias\/?p=4491"},"modified":"2010-11-26T22:28:07","modified_gmt":"2010-11-27T02:28:07","slug":"en-yungay-se-iniciara-muestra-nacional-de-cueca-escolar-yungay-bicentenario-2010","status":"publish","type":"post","link":"https:\/\/www.yungayino.cl\/noticias\/?p=4491","title":{"rendered":"En Yungay se Iniciar\u00e1 Muestra Nacional de Cueca Escolar Yungay Bicentenario 2010"},"content":{"rendered":"<p><img decoding=\"async\" src=\"http:\/\/www.yungayino.cl\/imagenes\/cueca20101125.jpg\" alt=\"Muestra Nacional de Cueca Escolar Yungay Bicentenario 2010\" \/><\/p>\n<p><span style=\"font-size: x-small;\"><span style=\"font-family: arial,helvetica,sans-serif;\"><span style=\"font-size: small;\">Yungay 25 de Noviembre, todo listo se encuentra para dar inicio a la Muestra Nacional de Cueca Escolar Yungay \u201cBicentenario 2010\u201d. Al mediod\u00eda llegaron las primeras delegaciones de Arica, Vallenar y Rancagua y por la tarde se espera la llegada del resto de los representantes de las 15 regiones del pa\u00eds, los cuales se hospedar\u00e1n en el Internado Eduardo Frei. La fiesta de la cueca escolar se dar\u00e1 inicio el viernes 26 a las 09:20 horas con un acto de Inauguraci\u00f3n frente al Municipio y a las 18:20 horas se iniciara la Muestra Nacional en el Gimnasio Multiuso, el cu\u00e1l fue remodelado para la ocasi\u00f3n. El Equipo del Portal Yungayino entrevisto al alcalde Pedro Inostroza, qui\u00e9n manifest\u00f3 que Yungay se encuentra preparado para este magno evento del baile nacional e hizo una invitaci\u00f3n a visitar la comuna y disfrutar de la hospitalidad de los yungayinos.<br \/>\n<a href=\"http:\/\/www.yungayino.cl\/noticias\/?p=4491#comments\">Comente Aqu\u00ed<\/a><br \/>\n<a href=\"http:\/\/www.facebook.com\/album.php?aid=50831&amp;id=159561284058919&amp;saved\">Fotograf\u00edas<\/a><br \/>\n<a href=\"http:\/\/www.yungayino.cl\/imagenes\/programanacionalcueca2010.doc\">Programa<\/a><\/span><\/span><\/span><\/p>\n<p><a href=\"http:\/\/www.radiobiobio.cl\/2010\/11\/26\/iniciaran-la-muestra-nacional-de-cueca-escolar-de-yungay-bicentenario-2010\/\">Difusi\u00f3n en Portal Web Radio Bio Bio<\/a><\/p>\n<p><object classid=\"clsid:d27cdb6e-ae6d-11cf-96b8-444553540000\" width=\"425\" height=\"344\" codebase=\"http:\/\/download.macromedia.com\/pub\/shockwave\/cabs\/flash\/swflash.cab#version=6,0,40,0\"><param name=\"allowFullScreen\" value=\"true\" \/><param name=\"allowscriptaccess\" value=\"always\" \/><param name=\"src\" value=\"http:\/\/www.youtube.com\/v\/qhtmoI2NF9c?hl=es&amp;rel=0&amp;egm=0&amp;fs=1\" \/><param name=\"allowfullscreen\" value=\"true\" \/><embed type=\"application\/x-shockwave-flash\" width=\"425\" height=\"344\" src=\"http:\/\/www.youtube.com\/v\/qhtmoI2NF9c?hl=es&amp;rel=0&amp;egm=0&amp;fs=1\" allowscriptaccess=\"always\" allowfullscreen=\"true\"><\/embed><\/object><\/p>\n","protected":false},"excerpt":{"rendered":"<p>Yungay 25 de Noviembre, todo listo se encuentra para dar inicio a la Muestra Nacional de Cueca Escolar Yungay \u201cBicentenario 2010\u201d. Al mediod\u00eda llegaron las primeras delegaciones de Arica, Vallenar y Rancagua y por&#46;&#46;&#46;<\/p>\n","protected":false},"author":2,"featured_media":15440,"comment_status":"open","ping_status":"open","sticky":false,"template":"","format":"standard","meta":{"footnotes":""},"categories":[3,1],"tags":[1116,1115,8,6],"class_list":["post-4491","post","type-post","status-publish","format-standard","has-post-thumbnail","hentry","category-actualidad","category-noticias","tag-actualidad","tag-noticias","tag-yungay","tag-yungayino"],"_links":{"self":[{"href":"https:\/\/www.yungayino.cl\/noticias\/index.php?rest_route=\/wp\/v2\/posts\/4491","targetHints":{"allow":["GET"]}}],"collection":[{"href":"https:\/\/www.yungayino.cl\/noticias\/index.php?rest_route=\/wp\/v2\/posts"}],"about":[{"href":"https:\/\/www.yungayino.cl\/noticias\/index.php?rest_route=\/wp\/v2\/types\/post"}],"author":[{"embeddable":true,"href":"https:\/\/www.yungayino.cl\/noticias\/index.php?rest_route=\/wp\/v2\/users\/2"}],"replies":[{"embeddable":true,"href":"https:\/\/www.yungayino.cl\/noticias\/index.php?rest_route=%2Fwp%2Fv2%2Fcomments&post=4491"}],"version-history":[{"count":10,"href":"https:\/\/www.yungayino.cl\/noticias\/index.php?rest_route=\/wp\/v2\/posts\/4491\/revisions"}],"predecessor-version":[{"id":4506,"href":"https:\/\/www.yungayino.cl\/noticias\/index.php?rest_route=\/wp\/v2\/posts\/4491\/revisions\/4506"}],"wp:featuredmedia":[{"embeddable":true,"href":"https:\/\/www.yungayino.cl\/noticias\/index.php?rest_route=\/wp\/v2\/media\/15440"}],"wp:attachment":[{"href":"https:\/\/www.yungayino.cl\/noticias\/index.php?rest_route=%2Fwp%2Fv2%2Fmedia&parent=4491"}],"wp:term":[{"taxonomy":"category","embeddable":true,"href":"https:\/\/www.yungayino.cl\/noticias\/index.php?rest_route=%2Fwp%2Fv2%2Fcategories&post=4491"},{"taxonomy":"post_tag","embeddable":true,"href":"https:\/\/www.yungayino.cl\/noticias\/index.php?rest_route=%2Fwp%2Fv2%2Ftags&post=4491"}],"curies":[{"name":"wp","href":"https:\/\/api.w.org\/{rel}","templated":true}]}}