{"id":4534,"date":"2010-11-28T23:00:37","date_gmt":"2010-11-29T03:00:37","guid":{"rendered":"http:\/\/www.yungayino.cl\/noticias\/?p=4534"},"modified":"2010-11-29T15:11:08","modified_gmt":"2010-11-29T19:11:08","slug":"jornada-de-despedida-de-muestra-nacional-cueca-escolar-en-yungay","status":"publish","type":"post","link":"https:\/\/www.yungayino.cl\/noticias\/?p=4534","title":{"rendered":"Jornada de Despedida de Muestra Nacional Cueca Escolar en Yungay"},"content":{"rendered":"<p><img decoding=\"async\" src=\"http:\/\/www.yungayino.cl\/imagenes\/muestracueca20101128.jpg\" alt=\"Muestra nacional de Cueca Escolar Bicentenario en Yungay\" \/><\/p>\n<p align=\"justify\"><font size=\"2\">Yungay domingo 28 de noviembre, con un asado campestre realizado al aire libre se puso fin a tres d\u00edas de la Muestra Nacional de Cueca Escolar realizado en nuestra comuna. La actividad estuvo llena de emociones ya que fueron tres d\u00edas de compartir, conocer nuevas culturas y tradiciones, adem\u00e1s las delegaciones como Arica manifestaron sentirse sorprendidos con la belleza de nuestros valles, r\u00edos  y cordillera. La despedida estuvo acompa\u00f1ada en todo momento por la alegre m\u00fasica del Taller \u201cCalahuala\u201d. El alcalde Pedro Inostroza y la Jefa del DAEM Eugenia L\u00f3pez despidieron a las delegaciones dese\u00e1ndole un buen retorno a sus respectivas regiones y agradeci\u00f3 la presencia y entrega en este evento que enorgullecen a nuestra comuna. Finalmente el Equipo del Portal Yungayino, entrevisto al Representante Regional Extraescolar del Ministerio de Educaci\u00f3n Bernardo Gallardo, qui\u00e9n felicito a todos los que participaron en la organizaci\u00f3n de este evento e hizo un balance positivo, destacando la gran hospitalidad de los yungayinos.<br \/>\n<a href=\"http:\/\/www.yungayino.cl\/noticias\/?p=4534#comments\">Comente Aqu\u00ed<\/a><br \/>\n<a href=\"http:\/\/www.facebook.com\/album.php?aid=51152&#038;id=159561284058919&#038;saved\">Fotograf\u00edas<\/a><br \/>\n<a href=\"http:\/\/www.youtube.com\/watch?v=3Wnc5dEpITc\">Video Entrevista Director Taller Calahuala<\/a><br \/>\n<a href=\"http:\/\/www.youtube.com\/watch?v=m3xt3f8Jas8\">Video Taller Calahula<\/a><br \/>\n<\/br><br \/>\n<object width=\"425\" height=\"344\"><param name=\"movie\" value=\"http:\/\/www.youtube.com\/v\/hUpu7Nq0HJs?hl=es&#038;rel=0&#038;egm=0&#038;fs=1\"><\/param><param name=\"allowFullScreen\" value=\"true\"><\/param><param name=\"allowscriptaccess\" value=\"always\"><\/param><embed src=\"http:\/\/www.youtube.com\/v\/hUpu7Nq0HJs?hl=es&#038;rel=0&#038;egm=0&#038;fs=1\" type=\"application\/x-shockwave-flash\" allowscriptaccess=\"always\" allowfullscreen=\"true\" width=\"425\" height=\"344\"><\/embed><\/object><br \/>\n<\/a><\/font><\/p>\n","protected":false},"excerpt":{"rendered":"<p>Yungay domingo 28 de noviembre, con un asado campestre realizado al aire libre se puso fin a tres d\u00edas de la Muestra Nacional de Cueca Escolar realizado en nuestra comuna. La actividad estuvo llena&#46;&#46;&#46;<\/p>\n","protected":false},"author":2,"featured_media":15445,"comment_status":"open","ping_status":"open","sticky":false,"template":"","format":"standard","meta":{"footnotes":""},"categories":[1],"tags":[282,8,66],"class_list":["post-4534","post","type-post","status-publish","format-standard","has-post-thumbnail","hentry","category-noticias","tag-muestra-nacional-de-cueca-escolar","tag-yungay","tag-yungayino-noticias"],"_links":{"self":[{"href":"https:\/\/www.yungayino.cl\/noticias\/index.php?rest_route=\/wp\/v2\/posts\/4534","targetHints":{"allow":["GET"]}}],"collection":[{"href":"https:\/\/www.yungayino.cl\/noticias\/index.php?rest_route=\/wp\/v2\/posts"}],"about":[{"href":"https:\/\/www.yungayino.cl\/noticias\/index.php?rest_route=\/wp\/v2\/types\/post"}],"author":[{"embeddable":true,"href":"https:\/\/www.yungayino.cl\/noticias\/index.php?rest_route=\/wp\/v2\/users\/2"}],"replies":[{"embeddable":true,"href":"https:\/\/www.yungayino.cl\/noticias\/index.php?rest_route=%2Fwp%2Fv2%2Fcomments&post=4534"}],"version-history":[{"count":11,"href":"https:\/\/www.yungayino.cl\/noticias\/index.php?rest_route=\/wp\/v2\/posts\/4534\/revisions"}],"predecessor-version":[{"id":4554,"href":"https:\/\/www.yungayino.cl\/noticias\/index.php?rest_route=\/wp\/v2\/posts\/4534\/revisions\/4554"}],"wp:featuredmedia":[{"embeddable":true,"href":"https:\/\/www.yungayino.cl\/noticias\/index.php?rest_route=\/wp\/v2\/media\/15445"}],"wp:attachment":[{"href":"https:\/\/www.yungayino.cl\/noticias\/index.php?rest_route=%2Fwp%2Fv2%2Fmedia&parent=4534"}],"wp:term":[{"taxonomy":"category","embeddable":true,"href":"https:\/\/www.yungayino.cl\/noticias\/index.php?rest_route=%2Fwp%2Fv2%2Fcategories&post=4534"},{"taxonomy":"post_tag","embeddable":true,"href":"https:\/\/www.yungayino.cl\/noticias\/index.php?rest_route=%2Fwp%2Fv2%2Ftags&post=4534"}],"curies":[{"name":"wp","href":"https:\/\/api.w.org\/{rel}","templated":true}]}}